{"id":3859,"date":"2022-10-25T16:06:17","date_gmt":"2022-10-25T16:06:17","guid":{"rendered":"https:\/\/new.mondodelgiardino.com\/?p=3859"},"modified":"2025-05-13T13:41:54","modified_gmt":"2025-05-13T13:41:54","slug":"universite-dete-dejeant-pons-and-porcari","status":"publish","type":"post","link":"https:\/\/mondodelgiardino.com\/en\/universite-dete-dejeant-pons-and-porcari\/","title":{"rendered":"Universit\u00e9 d&#8217;Et\u00e9 &#8211; Dejeant-Pons and Porcari"},"content":{"rendered":"<p>[et_pb_section fb_built=&#8221;1&#8243; admin_label=&#8221;Testo (100%)&#8221; _builder_version=&#8221;4.27.0&#8243; _module_preset=&#8221;default&#8221; global_colors_info=&#8221;{}&#8221;][et_pb_row _builder_version=&#8221;4.27.0&#8243; _module_preset=&#8221;default&#8221; width=&#8221;100%&#8221; custom_padding=&#8221;0px||0px||false|false&#8221; global_colors_info=&#8221;{}&#8221;][et_pb_column type=&#8221;4_4&#8243; _builder_version=&#8221;4.27.0&#8243; _module_preset=&#8221;default&#8221; global_colors_info=&#8221;{}&#8221;][et_pb_text _builder_version=&#8221;4.27.4&#8243; _module_preset=&#8221;default&#8221; global_colors_info=&#8221;{}&#8221;]<\/p>\n<h5 class=\"entry-title\">The meeting at the Universit\u00e9 d\u2019Et\u00e9 Dejeant-Pons and Porcari, on September 9th at the Monastery of Astino explored the role of landscape in education and sustainable development. Maguelonne Dejeant-Pons highlighted the importance of integrated policies and multidisciplinary professions to protect the quality and diversity of the territory. Serena Porcari presented Dynamo Camp, which offers free holidays to vulnerable children. The event, organized by Arketipos, highlighted the educational and social value of landscape.<\/h5>\n<p>[\/et_pb_text][\/et_pb_column][\/et_pb_row][\/et_pb_section][et_pb_section fb_built=&#8221;1&#8243; admin_label=&#8221;Testo (100%)&#8221; _builder_version=&#8221;4.27.0&#8243; _module_preset=&#8221;default&#8221; global_colors_info=&#8221;{}&#8221;][et_pb_row _builder_version=&#8221;4.27.0&#8243; _module_preset=&#8221;default&#8221; width=&#8221;100%&#8221; custom_padding=&#8221;0px||0px||false|false&#8221; global_colors_info=&#8221;{}&#8221;][et_pb_column type=&#8221;4_4&#8243; _builder_version=&#8221;4.27.0&#8243; _module_preset=&#8221;default&#8221; global_colors_info=&#8221;{}&#8221;][et_pb_text _builder_version=&#8221;4.27.4&#8243; _module_preset=&#8221;default&#8221; hover_enabled=&#8221;0&#8243; global_colors_info=&#8221;{}&#8221; sticky_enabled=&#8221;0&#8243;]<\/p>\n<h2><strong>Universit\u00e9 d&#8217;Et\u00e9 &#8211; Dejeant-Pons and Porcari<\/strong><\/h2>\n<h3>What is the Universit\u00e9 d\u2019Et\u00e9? What topics were addressed?<\/h3>\n<p>This third article concludes the series of interventions that took place on 9 September in the delightful setting of the Monastery of Astino, during the Landscape Festival &#8220;The Masters of the Landscape&#8221;.<\/p>\n<p>For those who missed the reports of previous interventions, we recommend reading &#8220;<span style=\"text-decoration: underline;\"><a href=\"https:\/\/mondodelgiardino.com\/maestri-del-paesaggio-universite-dete-bombardieri-e-schegk\/\" target=\"_blank\" rel=\"noopener\">Masters of the Landscape &#8211; Universit\u00e9 d&#8217;Et\u00e9 &#8211; Bombardieri and Schegk<\/a><\/span>&#8221; and &#8220;<span style=\"text-decoration: underline;\"><a href=\"https:\/\/mondodelgiardino.com\/maestri-del-paesaggio-universite-dete-gandi-e-degre\/\">Masters of the Landscape &#8211; Universit\u00e9 d\u2019Et\u00e9 &#8211; Gandi and Degr\u00e9<\/a><\/span>&#8220;<\/p>\n<p>Recall that the topic of discussion that linked all the interventions of this stimulating afternoon was PROFESSIONS FOR THE LANDSCAPE. A collection of design and construction suggestions for the growth of the concept and culture of the landscape in Italy.<\/p>\n<p>The key questions that the invited professionals answered were:<\/p>\n<blockquote>\n<p>How is the territory taken care of? Why can and should new landscape professionals be trained?<\/p>\n<\/blockquote>\n<p>As always, we renew our thanks for the skilful organization of the Arketipos association which made possible a discussion on these important topics.<\/p>\n<p>I was undecided on how to deal with this afternoon&#8217;s information transfer, however, to savor each step, I decided to divide it into 3 parts and report the interventions as they were without journalistic interference.<\/p>\n<p>So here are the pregnant interventions of the guests and good reading.<\/p>\n<h3><strong>Universit\u00e9 d&#8217;Et\u00e9 &#8211; Dejeant-Pons and Porcari<\/strong><\/h3>\n<h3>Speech by Mrs. Maguelonne Dejeant-Pons &#8211; Head of the Cultural Heritage, Landscape and Territory Management Division of the Council of Europe.<\/h3>\n<p><em>It is always a great pleasure to come to Bergamo, it is a city that makes you dream and think. I begin the presentation with the silhouette of Bergamo in the background because it is unique in its kind and is an example of the identity of the territory, but also of the people who created the territory: the history, the geography of the place. the lawyer Rodeschini spoke to me about the idea of \u200b\u200bcreating this pedagogy and training center and I will base my speech on this.<\/em><\/p>\n<h3>Landscape Lessons: Landscape Professionals for Sustainable Development<\/h3>\n<p>Landscape and sustainable development through the connection and promotion of landscape training to strengthen the skills of the landscape professions.<\/p>\n<p>The climatic changes occurred very quickly and involved every aspect: agricultural, forestry, industrial etc. on a global level, of course, and this happens both at a rural, urban and peri-urban level.<\/p>\n<p><em>The peri-urban area is the one on which it has most impacted and therefore needs more attention from the political world and the public administration. <\/em><\/p>\n<p><strong>How can you deal with divergent interests? How do you keep it all together? work on spatial planning policy with urban development and cultural, environmental, social and economic policy.<\/strong><\/p>\n<blockquote>\n<p>So, how is the territory taken care of?<\/p>\n<\/blockquote>\n<p>Politics can have a direct or indirect impact and no one thinks about what real impact it has on the territory. The common denominator is in two words <strong>quality<\/strong> and <strong>diversity<\/strong>: both must be protected. We must not standardize and we must have a qualitatively high goal and this is important thinking about the future because it will not be possible to do it in a short time. We need to have a vision of the territory for the future.<\/p>\n<p><em>The Convention (of Europe) also spoke about the quality of life and the word quality is for the landscape and for the life of the person. We must always remember that the person lives in a territory and has to do with his health otherwise the arguments made do not work.<\/em><\/p>\n<blockquote>\n<p>Professions and Professionals for the Landscape, what are they and why are they fundamental?<\/p>\n<\/blockquote>\n<p><strong>The other important issue is that there is a need for professions. And what are the professions directly or indirectly linked to the landscape? Because there are so many. Land planners, urban planners, road and bridge building engineers, landscape architects, architects, farmers, foresters, horticulturists, geographers, historians, geologists, climatologists, environmentalists, ecologists, lawyers, economists, sociologists, culture and heritage specialists, and areas such as gastronomy and health, this list is endless. <\/strong><\/p>\n<p>There is not only one discipline that must work on the landscape: <strong>it is a common project of professions that work on the subject and each profession has a responsibility with respect to the subject.<\/strong> A profession that bears the word landscape in its title is the landscape architect.<\/p>\n<h3>Declarations of the Convention of Europe concerning the profession of the Landscape Architect<\/h3>\n<p>It is an underprivileged profession, but important for the Convention because the group has worked with many disciplines but more with this one.<\/p>\n<p><strong><em>In 2019 the Convention, through all its 40 member states, made a statement saying that the profession of Landscape Architect is important and must be recognized nationally and internationally. <\/em><\/strong><\/p>\n<p>He said that he supports a multidisciplinary approach to landscape and that the diversity of training of disciplines that have to do with the landscape must be increased. In 2021 there was another document on the theme of <u>urban landscapes and climate change<\/u> and how these professions can contribute to improving the quality of life. This document will be published but it is important to see how it can impact the area and the example of Bergamo is exemplary. The inhabitants of Bergamo understand better than others, as well as a visitor or tourist.<\/p>\n<p><strong>A green city, in fact or with a new approach to landscape thinking, helps to improve the living environment and adaptation to climate change.<\/strong><\/p>\n<h3>Landscape Lessons: Why landscape education is essential<\/h3>\n<p>The question of education and training in the field of landscape becomes essential both to consider the role of the landscape as fundamental and to monitor the transformation if needed with professionals who know the discipline.<\/p>\n<p>In 2018 there was a meeting in Tropea on the theme of the landscape and on education and training and Arketipos presented the Universit\u00e9 d\u2019Et\u00e9. This conference was interesting because it talked about training at different levels. Primary school education with children, secondary and university. In Switzerland you are educated all your life. Continuous education that leads to infinite knowledge: you can always study. This is interesting.<\/p>\n<p>Now I will quickly read the basic text of the conference of the convention which was adopted by the committee of the ministry of the Council of Europe. She says that the ministry is only of culture and the environment, but through this text he tells what to do to the countries of the union. (The intervention then concludes with the reading of part of the text that you will find in full in the pdf below)<\/p>\n<p>Thanks for your attention.<\/p>\n<p><span style=\"text-decoration: underline;\"><a href=\"https:\/\/mondodelgiardino.com\/wp-content\/uploads\/2022\/10\/convenzione_europea_paesaggio.pdf\" target=\"_blank\" rel=\"noopener\">Read the European Landscape Convention HERE<\/a><\/span><\/p>\n<p>[\/et_pb_text][\/et_pb_column][\/et_pb_row][\/et_pb_section][et_pb_section fb_built=&#8221;1&#8243; admin_label=&#8221;Consiglio MDG&#8221; _builder_version=&#8221;4.27.0&#8243; _module_preset=&#8221;default&#8221; custom_margin=&#8221;30px||20px||false|false&#8221; custom_padding=&#8221;10px|20px|20px|20px|false|true&#8221; border_radii=&#8221;on|15px|15px|15px|15px&#8221; border_width_all=&#8221;4px&#8221; border_color_all=&#8221;#d5de75&#8243; global_colors_info=&#8221;{}&#8221;][et_pb_row _builder_version=&#8221;4.27.0&#8243; _module_preset=&#8221;default&#8221; width=&#8221;100%&#8221; custom_padding=&#8221;0px||0px||false|false&#8221; global_colors_info=&#8221;{}&#8221;][et_pb_column type=&#8221;4_4&#8243; _builder_version=&#8221;4.27.0&#8243; _module_preset=&#8221;default&#8221; global_colors_info=&#8221;{}&#8221;][et_pb_text _builder_version=&#8221;4.27.0&#8243; _module_preset=&#8221;default&#8221; global_colors_info=&#8221;{}&#8221;]<\/p>\n<h1>The mondo del giardino advice<\/h1>\n<h4><em>If you want to learn more about the &#8220;Council of Europe for Landscape&#8221;, start by visiting the <span style=\"text-decoration: underline;\"><a href=\"https:\/\/it.wikipedia.org\/wiki\/Convenzione_europea_del_paesaggio\" target=\"_blank\" rel=\"noopener\">Wikipedia<\/a><\/span> site<\/em><\/h4>\n<p>[\/et_pb_text][\/et_pb_column][\/et_pb_row][\/et_pb_section][et_pb_section fb_built=&#8221;1&#8243; admin_label=&#8221;Testo (100%)&#8221; _builder_version=&#8221;4.27.0&#8243; _module_preset=&#8221;default&#8221; global_colors_info=&#8221;{}&#8221;][et_pb_row _builder_version=&#8221;4.27.0&#8243; _module_preset=&#8221;default&#8221; width=&#8221;100%&#8221; custom_padding=&#8221;0px||0px||false|false&#8221; global_colors_info=&#8221;{}&#8221;][et_pb_column type=&#8221;4_4&#8243; _builder_version=&#8221;4.27.0&#8243; _module_preset=&#8221;default&#8221; global_colors_info=&#8221;{}&#8221;][et_pb_text _builder_version=&#8221;4.27.0&#8243; _module_preset=&#8221;default&#8221; global_colors_info=&#8221;{}&#8221;]<\/p>\n<h2>Universit\u00e9 d\u2019Et\u00e9: Landscape professions<\/h2>\n<h3>Speech by Mrs. Serena Porcari, co-founder of Dynamo Camp<\/h3>\n<p>Serena Porcari&#8217;s speech focused on the presentation of Dynamo Camp. For many years this foundation has been organizing a free week&#8217;s holiday for very fragile children without the presence of their parents. A titanic work carried out with gaiety and responsibility. The video is very nice even though it was shot live. If you want to donate for this initiative it will be money well spent.<\/p>\n<p>A beautiful video was presented at the meeting that I shot (badly). I asked for a release for publication. In the meantime, for information and insights you can go to the website of&nbsp;<a href=\"https:\/\/www.dynamocamp.org\/\" target=\"_blank\" rel=\"noopener\">Dynamo Camp.<\/a><\/p>\n<p>[\/et_pb_text][\/et_pb_column][\/et_pb_row][\/et_pb_section][et_pb_section fb_built=&#8221;1&#8243; admin_label=&#8221;Consiglio MDG&#8221; _builder_version=&#8221;4.27.0&#8243; _module_preset=&#8221;default&#8221; custom_margin=&#8221;30px||20px||false|false&#8221; custom_padding=&#8221;10px|20px|20px|20px|false|true&#8221; border_radii=&#8221;on|15px|15px|15px|15px&#8221; border_width_all=&#8221;4px&#8221; border_color_all=&#8221;#d5de75&#8243; global_colors_info=&#8221;{}&#8221;][et_pb_row _builder_version=&#8221;4.27.0&#8243; _module_preset=&#8221;default&#8221; width=&#8221;100%&#8221; custom_padding=&#8221;0px||0px||false|false&#8221; global_colors_info=&#8221;{}&#8221;][et_pb_column type=&#8221;4_4&#8243; _builder_version=&#8221;4.27.0&#8243; _module_preset=&#8221;default&#8221; global_colors_info=&#8221;{}&#8221;][et_pb_text _builder_version=&#8221;4.27.0&#8243; _module_preset=&#8221;default&#8221; global_colors_info=&#8221;{}&#8221;]<\/p>\n<h1>The mondo del giardino advice<\/h1>\n<h4><em>Reading full of content is exhausting: it&#8217;s time for a good refreshing drink.<\/em><\/h4>\n<p>[\/et_pb_text][\/et_pb_column][\/et_pb_row][\/et_pb_section][et_pb_section fb_built=&#8221;1&#8243; admin_label=&#8221;Testo (100%)&#8221; _builder_version=&#8221;4.27.0&#8243; _module_preset=&#8221;default&#8221; global_colors_info=&#8221;{}&#8221;][et_pb_row _builder_version=&#8221;4.27.0&#8243; _module_preset=&#8221;default&#8221; width=&#8221;100%&#8221; custom_padding=&#8221;0px||0px||false|false&#8221; global_colors_info=&#8221;{}&#8221;][et_pb_column type=&#8221;4_4&#8243; _builder_version=&#8221;4.27.0&#8243; _module_preset=&#8221;default&#8221; global_colors_info=&#8221;{}&#8221;][et_pb_text _builder_version=&#8221;4.27.0&#8243; _module_preset=&#8221;default&#8221; global_colors_info=&#8221;{}&#8221;]<\/p>\n<p>Now on horseback! Work awaits us! Our new wonderful outdoor space is about to be born!<\/p>\n<p>GOOD WORK and &#8230; if you have any questions please write to <a href=\"mailto:info@mondodelgiardino.com\">info@mondodelgiardino.com<\/a><\/p>\n<p>Sources of images: view of the Council of Europe from coe.int<\/p>\n<p>[\/et_pb_text][\/et_pb_column][\/et_pb_row][\/et_pb_section]<\/p>\n","protected":false},"excerpt":{"rendered":"<p>At the Universit\u00e9 d&#8217;Et\u00e9 Dejeant-Pons and Porcari, at the Monastery of Astino, they talked about the training of landscape professionals.<\/p>\n","protected":false},"author":1,"featured_media":3848,"comment_status":"closed","ping_status":"closed","sticky":false,"template":"","format":"standard","meta":{"_et_pb_use_builder":"on","_et_pb_old_content":"[et_pb_section fb_built=\"1\" admin_label=\"Immagine (100%)\" _builder_version=\"4.27.0\" custom_padding=\"0px||20px||false|false\" collapsed=\"off\" global_colors_info=\"{}\"][et_pb_row admin_label=\"Riga\" _builder_version=\"4.27.0\" background_size=\"initial\" background_position=\"top_left\" background_repeat=\"repeat\" width=\"100%\" custom_padding=\"0px||0px||false|false\" global_colors_info=\"{}\"][et_pb_column type=\"4_4\" _builder_version=\"4.16\" custom_padding=\"|||\" global_colors_info=\"{}\" custom_padding__hover=\"|||\"][et_pb_image src=\"https:\/\/mondodelgiardino.com\/wp-content\/uploads\/2022\/10\/Consiglio-deuropa_coe_int1200x630.jpg\" title_text=\"Consiglio d'europa_coe_int1200x630\" show_in_lightbox=\"on\" force_fullwidth=\"on\" _builder_version=\"4.27.0\" _module_preset=\"default\" global_colors_info=\"{}\"][\/et_pb_image][\/et_pb_column][\/et_pb_row][\/et_pb_section][et_pb_section fb_built=\"1\" admin_label=\"Testo (100%)\" _builder_version=\"4.27.0\" _module_preset=\"default\" global_colors_info=\"{}\"][et_pb_row _builder_version=\"4.27.0\" _module_preset=\"default\" width=\"100%\" custom_padding=\"0px||0px||false|false\" global_colors_info=\"{}\"][et_pb_column type=\"4_4\" _builder_version=\"4.27.0\" _module_preset=\"default\" global_colors_info=\"{}\"][et_pb_text _builder_version=\"4.27.0\" _module_preset=\"default\" hover_enabled=\"0\" global_colors_info=\"{}\" sticky_enabled=\"0\"]<h2>Cos\u2019\u00e8 l\u2019Universit\u00e9 d\u2019Et\u00e9? Quali argomenti sono stati affrontati?<\/h2>\r\nCon questo terzo articolo si conclude la serie di interventi che si sono susseguiti in data 9 settembre nella deliziosa cornice del Monastero di Astino, durate il Landscape Festival \"I Maestri del Paesaggio\".\r\n\r\nPer chi si fosse perso i resoconti dei precedenti interventi consigliamo la lettura di \"<span style=\"text-decoration: underline;\"><a href=\"https:\/\/mondodelgiardino.com\/maestri-del-paesaggio-universite-dete-bombardieri-e-schegk\/\" target=\"_blank\" rel=\"noopener\">Maestri del Paesaggio - Universit\u00e9 d'Et\u00e9 - Bombardieri e Schegk<\/a><\/span>\" e <span style=\"text-decoration: underline;\"><a href=\"https:\/\/mondodelgiardino.com\/maestri-del-paesaggio-universite-dete-gandi-e-degre\/\">\"Maestri del Paesaggio \u2013 Universit\u00e9 d\u2019Et\u00e9 \u2013 Gandi e Degr\u00e9\"<\/a><\/span>\r\n\r\nRicordiamo che l'argomento di discussione che ha legato tutti gli interventi di questo stimolante pomeriggio \u00e8 stato PROFESSIONI PER IL PAESAGGIO. Una raccolta di suggerimenti progettuali e costruttivi per la crescita del concetto e della cultura del paesaggio in Italia.\r\n\r\nLe domande chiave a cui i professionisti invitati hanno risposto sono state:\r\n<blockquote>Come si cura il territorio? Perch\u00e9 si possono e si devono preparare i nuovi professionisti del paesaggio?<\/blockquote>\r\nCome sempre, rinnoviamo i ringraziamenti per la sapiente organizzazione dell\u2019associazione Arketipos che ha reso possibile una discussione su questi importanti argomenti.\r\n\r\nEro indecisa su come affrontare il trasferimento di informazioni di questo pomeriggio, per\u00f2, per assaporare ogni passaggio, ho deciso di dividerlo in 3 parti e riportare gli interventi cos\u00ec com\u2019erano senza ingerenze giornalistiche.\r\n\r\nQuindi ecco i pregnanti interventi degli invitati e buona lettura.\r\n\r\n\u00a0\r\n<h2>Universit\u00e9 d\u2019Et\u00e9: Professioni per il paesaggio<\/h2>\r\n<strong>Intervento della Sig.ra Maguelonne Dejeant-Pons \u2013 Responsabile della Divisione Patrimonio Culturale, Paesaggio e Gestione del Territorio del Consiglio d\u2019Europa.<\/strong>\r\n\r\n<em>\u00c8 sempre un grande piacere venire a Bergamo, \u00e8 una citt\u00e0 che fa sognare e pensare. Inizio la presentazione con la silouette di Bergamo sullo sfondo perch\u00e9 \u00e8 unica nel suo genere ed \u00e8 un esempio di identit\u00e0 del territorio, ma anche delle persone che hanno creato il territorio: la storia, la geografia del luogo. L\u2019Avv. Rodeschini mi parlava dell\u2019idea di fare questo centro di pedagogia e formazione e su questo baser\u00f2 il mio intervento.<\/em>\r\n<h3>Lezioni di Paesaggio: Professionisti del Paesaggio per lo sviluppo sostenibile<\/h3>\r\nPaesaggio e sviluppo sostenibile attraverso la connessione e la promozione della formazione sul paesaggio per rafforzare le competenze delle professioni del paesaggio.\r\n\r\nLe modifiche climatiche sono avvenute molto velocemente ed hanno coinvolto ogni aspetto: agricolo, forestale, industriale ecc. a livello mondiale ovviamente e questo avviene sia a livello rurale sia urbano sia periurbano.\r\n\r\n<em>La zona periurbana \u00e8 quella su cui ha pi\u00f9 impattato ed ha quindi bisogno di pi\u00f9 attenzioni dal mondo politico e dalla pubblica amministrazione. <\/em>\r\n\r\n<strong>Come si pu\u00f2 fare con gli interessi divergenti? Come fare per tenere tutto insieme? lavorare sulla politica della pianificazione territoriale con lo sviluppo urbano e la politica culturale, ambientale, sociale ed economica.<\/strong>\r\n<blockquote>Quindi, come si cura il territorio?<\/blockquote>\r\nLa politica pu\u00f2 avere un impatto diretto o indiretto e non si pensa a quale impatto reale ha sul territorio. Il denominatore comune \u00e8 in due parole la <strong>qualit\u00e0<\/strong> e la <strong>diversit\u00e0<\/strong>: entrambe sono da proteggere. Non bisogna standardizzare e si deve avere un obbiettivo qualitativamente alto e questo \u00e8 importante pensando al futuro perch\u00e9 non si potr\u00e0 farlo in un tempo breve. Bisogna avere una visione del territorio per il futuro.\r\n\r\n<em>La Convenzione (d\u2019Europa) ha parlato anche della qualit\u00e0 della vita e la parola qualit\u00e0 \u00e8 per il paesaggio e per la vita della persona. Bisogna sempre ricordare che la persona vive in un territorio ed ha a che fare con la sua salute altrimenti i ragionamenti fatti non funzionano.<\/em>\r\n<blockquote>Professioni e Professionisti per il Paesaggio, quali sono e perch\u00e9 sono fondamentali?<\/blockquote>\r\n<strong>L\u2019altro tema importante \u00e8 che si necessit\u00e0 di professioni. E quali sono le professioni direttamente o indirettamente legate al paesaggio? Perch\u00e9 sono tante. Pianificatori del territorio, urbanisti, ingegneri che fanno ponti e strade, paesaggisti, architetti, agricoltori, forestali, orticoltori, geografi, storici, geologi, climatologi, ambientalisti, ecologisti, avvocati, economisti, sociologi, specialisti di cultura e del patrimonio culturale, e ambiti come la gastronomia e salute, questa lista \u00e8 infinita. <\/strong>\r\n\r\nNon c\u2019\u00e8 solo una disciplina che deve lavorare sul paesaggio: <strong>\u00e8 un progetto comune di professioni che lavorano sul tema e ogni professione ha una responsabilit\u00e0 rispetto al tema.<\/strong> Una professione che porta nel titolo la parola paesaggio \u00e8 l\u2019architetto del paesaggio.\r\n<h3>Dichiarazioni della Convenzione d'Europa riguardo la professione dell'Architetto del Paesaggio<\/h3>\r\n\u00c8 una professione poco privilegiata, ma importante per la Convenzione perch\u00e9 il gruppo ha lavorato con molte discipline ma maggiormente con questa.\r\n\r\n<strong><em>Nel 2019 la Convenzione, tramite tutti i suoi 40 stati membri, fece una dichiarazione dicendo che la professione di Architetto del Paesaggio \u00e8 importante e deve essere riconosciuta a livello nazionale ed internazionale. <\/em><\/strong>\r\n\r\nHa detto di sostenere un approccio multidisciplinare del paesaggio e che va aumentata la diversit\u00e0 di formazione delle discipline che hanno a che fare con il paesaggio. Nel 2021 ci fu un altro documento sul tema dei <u>paesaggi urbani ed il cambiamento climatico<\/u> e come queste professioni possano contribuire al miglioramento della qualit\u00e0 della vita. Questo documento verr\u00e0 pubblicato ma \u00e8 importante vedere come pu\u00f2 impattare sul territorio e l\u2019esempio di Bergamo \u00e8 esemplare. Gli abitanti di Bergamo comprendono meglio di altri, come anche un visitatore o un turista.\r\n\r\n<strong>Una citt\u00e0 verde, infatti o con un nuovo approccio al pensiero del paesaggio, contribuisce a migliorare l\u2019ambiente di vita e l\u2019adattamento al cambio climatico.<\/strong>\r\n<h3>Lezioni di Paesaggio: Perch\u00e9 l'educazione sul paesaggio \u00e8 essenziale<\/h3>\r\nLa questione della educazione e formazione in materia di paesaggio diventa essenziale sia per considerare fondamentale il ruolo del paesaggio e vigilare sulla trasformazione se si necessita con professionisti che conoscano la disciplina.\r\n\r\nNel 2018 ci fu una riunione a Tropea sul tema del paesaggio e sull\u2019educazione e la formazione ed Arketipos ha presentato l\u2019Universit\u00e9 d\u2019Et\u00e9. Questo convegno \u00e8 stato interessante perch\u00e9 ha parlato della formazione a diversi livelli. L\u2019educazione alla scuola primaria con i bambini, secondaria e universitaria. In svizzera vieni educato tutta la vita. L\u2019educazione continua che porta alla conoscenza infinita: si pu\u00f2 studiare sempre. Questo \u00e8 interessante.\r\n\r\nOra velocemente legger\u00f2 il testo di base della conferenza del convegno che fu adottato dal comitato del ministero del consiglio d\u2019Europa. Dice che il ministero \u00e8 solo della cultura e dell\u2019ambiente, ma tramite questo testo dice cosa fare ai paesi dell\u2019unione. (L\u2019intervento si conclude quindi con la lettura di parte del testo che troverete per intero nel pdf qui di seguito)\r\n\r\nGrazie per l\u2019attenzione.\r\n\r\n<span style=\"text-decoration: underline;\"><a href=\"https:\/\/mondodelgiardino.com\/wp-content\/uploads\/2022\/10\/convenzione_europea_paesaggio.pdf\" target=\"_blank\" rel=\"noopener\">Leggi qui la Convenzione Europea del Paesaggio<\/a><\/span>[\/et_pb_text][\/et_pb_column][\/et_pb_row][\/et_pb_section][et_pb_section fb_built=\"1\" admin_label=\"Consiglio MDG\" _builder_version=\"4.27.0\" _module_preset=\"default\" custom_margin=\"30px||20px||false|false\" custom_padding=\"10px|20px|20px|20px|false|true\" border_radii=\"on|15px|15px|15px|15px\" border_width_all=\"4px\" border_color_all=\"#d5de75\" global_colors_info=\"{}\"][et_pb_row _builder_version=\"4.27.0\" _module_preset=\"default\" width=\"100%\" custom_padding=\"0px||0px||false|false\" global_colors_info=\"{}\"][et_pb_column type=\"4_4\" _builder_version=\"4.27.0\" _module_preset=\"default\" global_colors_info=\"{}\"][et_pb_text _builder_version=\"4.27.0\" _module_preset=\"default\" global_colors_info=\"{}\"]<h1>Il consiglio del mondo del giardino<\/h1>\r\n<h4><em>Se volete approfondire l'argomento \"Consiglio d'Europa per il Paesaggio\" iniziate da un salto sul sito di <span style=\"text-decoration: underline;\"><a href=\"https:\/\/it.wikipedia.org\/wiki\/Convenzione_europea_del_paesaggio\" target=\"_blank\" rel=\"noopener\">Wikipedia<\/a><\/span><\/em><\/h4>[\/et_pb_text][\/et_pb_column][\/et_pb_row][\/et_pb_section][et_pb_section fb_built=\"1\" admin_label=\"Testo (100%)\" _builder_version=\"4.27.0\" _module_preset=\"default\" global_colors_info=\"{}\"][et_pb_row _builder_version=\"4.27.0\" _module_preset=\"default\" width=\"100%\" custom_padding=\"0px||0px||false|false\" global_colors_info=\"{}\"][et_pb_column type=\"4_4\" _builder_version=\"4.27.0\" _module_preset=\"default\" global_colors_info=\"{}\"][et_pb_text _builder_version=\"4.27.0\" _module_preset=\"default\" global_colors_info=\"{}\"]<h2>Universit\u00e9 d\u2019Et\u00e9: Professioni per il paesaggio<\/h2>\r\n<h3>Intervento della Sig.ra Serena Porcari, co-fondatrice del Dynamo Camp<\/h3>\r\n<p>L\u2019intervento di Serena Porcari si \u00e8 incentrato sulla presentazione di Dynamo Camp. Questa fondazione, ormai da molti anni organizza una settimana gratuita di vacanza per bambini molto fragili senza la presenza dei genitori. Un lavoro titanico portato avanti con gaiezza e responsabilit\u00e0. Il video \u00e8 molto bello pur ripreso dal vivo. Se volete donare per questa iniziativa saranno soldi ben spesi.<\/p>\r\n<p>All\u2019incontro \u00e8 stato presentato un bellissimo video che ho ripreso (male). Ho chiesto la liberatoria per la pubblicazione. Nel frattempo, per informazioni ed approfondimenti potete andare sul sito di\u00a0<a href=\"https:\/\/www.dynamocamp.org\/\" target=\"_blank\" rel=\"noopener\">Dynamo Camp.<\/a><\/p>[\/et_pb_text][\/et_pb_column][\/et_pb_row][\/et_pb_section][et_pb_section fb_built=\"1\" admin_label=\"Consiglio MDG\" _builder_version=\"4.27.0\" _module_preset=\"default\" custom_margin=\"30px||20px||false|false\" custom_padding=\"10px|20px|20px|20px|false|true\" border_radii=\"on|15px|15px|15px|15px\" border_width_all=\"4px\" border_color_all=\"#d5de75\" global_colors_info=\"{}\"][et_pb_row _builder_version=\"4.27.0\" _module_preset=\"default\" width=\"100%\" custom_padding=\"0px||0px||false|false\" global_colors_info=\"{}\"][et_pb_column type=\"4_4\" _builder_version=\"4.27.0\" _module_preset=\"default\" global_colors_info=\"{}\"][et_pb_text _builder_version=\"4.27.0\" _module_preset=\"default\" global_colors_info=\"{}\"]<h1>Il consiglio del mondo del giardino<\/h1>\r\n<h4><em>La lettura pregna di contenuto \u00e8 sfiancante: \u00e8 ora di una buona bibita rinfrescante.<\/em><\/h4>[\/et_pb_text][\/et_pb_column][\/et_pb_row][\/et_pb_section][et_pb_section fb_built=\"1\" admin_label=\"Testo (100%)\" _builder_version=\"4.27.0\" _module_preset=\"default\" global_colors_info=\"{}\"][et_pb_row _builder_version=\"4.27.0\" _module_preset=\"default\" width=\"100%\" custom_padding=\"0px||0px||false|false\" global_colors_info=\"{}\"][et_pb_column type=\"4_4\" _builder_version=\"4.27.0\" _module_preset=\"default\" global_colors_info=\"{}\"][et_pb_text _builder_version=\"4.27.0\" _module_preset=\"default\" global_colors_info=\"{}\"]<p>Ora a cavallo! Il lavoro ci aspetta! Il nostro nuovo meraviglioso spazio esterno sta per nascere!<\/p>\r\n<p>BUON LAVORO e\u2026se avete domande scrivete pure a <a href=\"mailto:info@mondodelgiardino.com\">info@mondodelgiardino.com<\/a><\/p>\r\n<p>Fonti delle immagini: vista del Consiglio d\u2019Europa da coe.int<\/p>[\/et_pb_text][\/et_pb_column][\/et_pb_row][\/et_pb_section]","_et_gb_content_width":"","footnotes":""},"categories":[37],"tags":[944,1062,1066,861,485,483,1027,1052,1065,1063,1061,1064,783,1051],"class_list":["post-3859","post","type-post","status-publish","format-standard","has-post-thumbnail","hentry","category-conferences","tag-arketipos-en","tag-council-of-europe","tag-dynamo-camp-en","tag-environmental-education","tag-landscape","tag-landscape-architecture","tag-landscape-professions","tag-monastero-di-astino-en","tag-quality-of-life","tag-social-inclusion","tag-sustainable-development","tag-territorial-policies","tag-training","tag-universite-dete-en"],"yoast_head":"<!-- This site is optimized with the Yoast SEO plugin v26.2 - https:\/\/yoast.com\/wordpress\/plugins\/seo\/ -->\n<title>Universit\u00e9 d&#039;et\u00e9 - Dejeant-Pons and Porcari - Mondo del Giardino<\/title>\n<meta name=\"description\" content=\"At the Universit\u00e9 d&#039;Et\u00e9 Dejeant-Pons and Porcari, at the Monastery of Astino, they talked about the training of landscape professionals.\" \/>\n<meta name=\"robots\" content=\"index, follow, max-snippet:-1, max-image-preview:large, max-video-preview:-1\" \/>\n<link rel=\"canonical\" href=\"https:\/\/mondodelgiardino.com\/en\/universite-dete-dejeant-pons-and-porcari\/\" \/>\n<meta property=\"og:locale\" content=\"en_US\" \/>\n<meta property=\"og:type\" content=\"article\" \/>\n<meta property=\"og:title\" content=\"Universit\u00e9 d&#039;et\u00e9 - Dejeant-Pons and Porcari - Mondo del Giardino\" \/>\n<meta property=\"og:description\" content=\"At the Universit\u00e9 d&#039;Et\u00e9 Dejeant-Pons and Porcari, at the Monastery of Astino, they talked about the training of landscape professionals.\" \/>\n<meta property=\"og:url\" content=\"https:\/\/mondodelgiardino.com\/en\/universite-dete-dejeant-pons-and-porcari\/\" \/>\n<meta property=\"og:site_name\" content=\"Mondo del Giardino\" \/>\n<meta property=\"article:publisher\" content=\"https:\/\/www.facebook.com\/mondodelgiardino\" \/>\n<meta property=\"article:published_time\" content=\"2022-10-25T16:06:17+00:00\" \/>\n<meta property=\"article:modified_time\" content=\"2025-05-13T13:41:54+00:00\" \/>\n<meta property=\"og:image\" content=\"https:\/\/mondodelgiardino.com\/wp-content\/uploads\/2022\/10\/Consiglio-deuropa_coe_int1200x630.jpg\" \/>\n\t<meta property=\"og:image:width\" content=\"1200\" \/>\n\t<meta property=\"og:image:height\" content=\"630\" \/>\n\t<meta property=\"og:image:type\" content=\"image\/jpeg\" \/>\n<meta name=\"author\" content=\"admin\" \/>\n<meta name=\"twitter:card\" content=\"summary_large_image\" \/>\n<meta name=\"twitter:label1\" content=\"Written by\" \/>\n\t<meta name=\"twitter:data1\" content=\"admin\" \/>\n\t<meta name=\"twitter:label2\" content=\"Est. reading time\" \/>\n\t<meta name=\"twitter:data2\" content=\"8 minutes\" \/>\n<script type=\"application\/ld+json\" class=\"yoast-schema-graph\">{\"@context\":\"https:\/\/schema.org\",\"@graph\":[{\"@type\":\"Article\",\"@id\":\"https:\/\/mondodelgiardino.com\/en\/universite-dete-dejeant-pons-and-porcari\/#article\",\"isPartOf\":{\"@id\":\"https:\/\/mondodelgiardino.com\/en\/universite-dete-dejeant-pons-and-porcari\/\"},\"author\":{\"name\":\"admin\",\"@id\":\"https:\/\/mondodelgiardino.com\/en\/#\/schema\/person\/59fa8845bd0c10f5cfb08a435f1e4d23\"},\"headline\":\"Universit\u00e9 d&#8217;Et\u00e9 &#8211; Dejeant-Pons and Porcari\",\"datePublished\":\"2022-10-25T16:06:17+00:00\",\"dateModified\":\"2025-05-13T13:41:54+00:00\",\"mainEntityOfPage\":{\"@id\":\"https:\/\/mondodelgiardino.com\/en\/universite-dete-dejeant-pons-and-porcari\/\"},\"wordCount\":1859,\"publisher\":{\"@id\":\"https:\/\/mondodelgiardino.com\/en\/#organization\"},\"image\":{\"@id\":\"https:\/\/mondodelgiardino.com\/en\/universite-dete-dejeant-pons-and-porcari\/#primaryimage\"},\"thumbnailUrl\":\"https:\/\/mondodelgiardino.com\/wp-content\/uploads\/2022\/10\/Consiglio-deuropa_coe_int1200x630.jpg\",\"keywords\":[\"Arketipos\",\"Council of Europe\",\"Dynamo Camp\",\"Environmental Education\",\"landscape\",\"landscape architecture\",\"landscape professions\",\"Monastero di Astino\",\"quality of life\",\"social inclusion\",\"sustainable development\",\"territorial policies\",\"Training\",\"universit\u00e9 d\u2019\u00e9t\u00e9\"],\"articleSection\":[\"Conferences\"],\"inLanguage\":\"en-US\"},{\"@type\":\"WebPage\",\"@id\":\"https:\/\/mondodelgiardino.com\/en\/universite-dete-dejeant-pons-and-porcari\/\",\"url\":\"https:\/\/mondodelgiardino.com\/en\/universite-dete-dejeant-pons-and-porcari\/\",\"name\":\"Universit\u00e9 d'et\u00e9 - Dejeant-Pons and Porcari - Mondo del Giardino\",\"isPartOf\":{\"@id\":\"https:\/\/mondodelgiardino.com\/en\/#website\"},\"primaryImageOfPage\":{\"@id\":\"https:\/\/mondodelgiardino.com\/en\/universite-dete-dejeant-pons-and-porcari\/#primaryimage\"},\"image\":{\"@id\":\"https:\/\/mondodelgiardino.com\/en\/universite-dete-dejeant-pons-and-porcari\/#primaryimage\"},\"thumbnailUrl\":\"https:\/\/mondodelgiardino.com\/wp-content\/uploads\/2022\/10\/Consiglio-deuropa_coe_int1200x630.jpg\",\"datePublished\":\"2022-10-25T16:06:17+00:00\",\"dateModified\":\"2025-05-13T13:41:54+00:00\",\"description\":\"At the Universit\u00e9 d'Et\u00e9 Dejeant-Pons and Porcari, at the Monastery of Astino, they talked about the training of landscape professionals.\",\"breadcrumb\":{\"@id\":\"https:\/\/mondodelgiardino.com\/en\/universite-dete-dejeant-pons-and-porcari\/#breadcrumb\"},\"inLanguage\":\"en-US\",\"potentialAction\":[{\"@type\":\"ReadAction\",\"target\":[\"https:\/\/mondodelgiardino.com\/en\/universite-dete-dejeant-pons-and-porcari\/\"]}]},{\"@type\":\"ImageObject\",\"inLanguage\":\"en-US\",\"@id\":\"https:\/\/mondodelgiardino.com\/en\/universite-dete-dejeant-pons-and-porcari\/#primaryimage\",\"url\":\"https:\/\/mondodelgiardino.com\/wp-content\/uploads\/2022\/10\/Consiglio-deuropa_coe_int1200x630.jpg\",\"contentUrl\":\"https:\/\/mondodelgiardino.com\/wp-content\/uploads\/2022\/10\/Consiglio-deuropa_coe_int1200x630.jpg\",\"width\":1200,\"height\":630,\"caption\":\"mondo-del-giardino maestri del paesaggio consiglio d'europa\"},{\"@type\":\"BreadcrumbList\",\"@id\":\"https:\/\/mondodelgiardino.com\/en\/universite-dete-dejeant-pons-and-porcari\/#breadcrumb\",\"itemListElement\":[{\"@type\":\"ListItem\",\"position\":1,\"name\":\"Home\",\"item\":\"https:\/\/mondodelgiardino.com\/en\/\"},{\"@type\":\"ListItem\",\"position\":2,\"name\":\"Universit\u00e9 d&#8217;Et\u00e9 &#8211; Dejeant-Pons and Porcari\"}]},{\"@type\":\"WebSite\",\"@id\":\"https:\/\/mondodelgiardino.com\/en\/#website\",\"url\":\"https:\/\/mondodelgiardino.com\/en\/\",\"name\":\"Mondo del Giardino\",\"description\":\"Cultura del verde\",\"publisher\":{\"@id\":\"https:\/\/mondodelgiardino.com\/en\/#organization\"},\"alternateName\":\"Mondo del Giardino\",\"potentialAction\":[{\"@type\":\"SearchAction\",\"target\":{\"@type\":\"EntryPoint\",\"urlTemplate\":\"https:\/\/mondodelgiardino.com\/en\/?s={search_term_string}\"},\"query-input\":{\"@type\":\"PropertyValueSpecification\",\"valueRequired\":true,\"valueName\":\"search_term_string\"}}],\"inLanguage\":\"en-US\"},{\"@type\":\"Organization\",\"@id\":\"https:\/\/mondodelgiardino.com\/en\/#organization\",\"name\":\"Mondo del Giardino\",\"alternateName\":\"Mondo del Giardino\",\"url\":\"https:\/\/mondodelgiardino.com\/en\/\",\"logo\":{\"@type\":\"ImageObject\",\"inLanguage\":\"en-US\",\"@id\":\"https:\/\/mondodelgiardino.com\/en\/#\/schema\/logo\/image\/\",\"url\":\"https:\/\/mondodelgiardino.com\/wp-content\/uploads\/2024\/07\/Logo-mondo-del-giardino-cultura-del-verde.png\",\"contentUrl\":\"https:\/\/mondodelgiardino.com\/wp-content\/uploads\/2024\/07\/Logo-mondo-del-giardino-cultura-del-verde.png\",\"width\":466,\"height\":366,\"caption\":\"Mondo del Giardino\"},\"image\":{\"@id\":\"https:\/\/mondodelgiardino.com\/en\/#\/schema\/logo\/image\/\"},\"sameAs\":[\"https:\/\/www.facebook.com\/mondodelgiardino\",\"https:\/\/www.instagram.com\/mondodelgiardino\/\",\"https:\/\/www.linkedin.com\/company\/mondo-del-giardino\/\",\"https:\/\/www.youtube.com\/@mondodelgiardinopuntocom\"]},{\"@type\":\"Person\",\"@id\":\"https:\/\/mondodelgiardino.com\/en\/#\/schema\/person\/59fa8845bd0c10f5cfb08a435f1e4d23\",\"name\":\"admin\",\"image\":{\"@type\":\"ImageObject\",\"inLanguage\":\"en-US\",\"@id\":\"https:\/\/mondodelgiardino.com\/en\/#\/schema\/person\/image\/\",\"url\":\"https:\/\/secure.gravatar.com\/avatar\/ca7d6dc7bbdc98d3214c49983f483695e2d0543754ca5ff1eb90cfdf66a96959?s=96&d=mm&r=g\",\"contentUrl\":\"https:\/\/secure.gravatar.com\/avatar\/ca7d6dc7bbdc98d3214c49983f483695e2d0543754ca5ff1eb90cfdf66a96959?s=96&d=mm&r=g\",\"caption\":\"admin\"},\"sameAs\":[\"https:\/\/mondodelgiardino.com\"]}]}<\/script>\n<!-- \/ Yoast SEO plugin. -->","yoast_head_json":{"title":"Universit\u00e9 d'et\u00e9 - Dejeant-Pons and Porcari - Mondo del Giardino","description":"At the Universit\u00e9 d'Et\u00e9 Dejeant-Pons and Porcari, at the Monastery of Astino, they talked about the training of landscape professionals.","robots":{"index":"index","follow":"follow","max-snippet":"max-snippet:-1","max-image-preview":"max-image-preview:large","max-video-preview":"max-video-preview:-1"},"canonical":"https:\/\/mondodelgiardino.com\/en\/universite-dete-dejeant-pons-and-porcari\/","og_locale":"en_US","og_type":"article","og_title":"Universit\u00e9 d'et\u00e9 - Dejeant-Pons and Porcari - Mondo del Giardino","og_description":"At the Universit\u00e9 d'Et\u00e9 Dejeant-Pons and Porcari, at the Monastery of Astino, they talked about the training of landscape professionals.","og_url":"https:\/\/mondodelgiardino.com\/en\/universite-dete-dejeant-pons-and-porcari\/","og_site_name":"Mondo del Giardino","article_publisher":"https:\/\/www.facebook.com\/mondodelgiardino","article_published_time":"2022-10-25T16:06:17+00:00","article_modified_time":"2025-05-13T13:41:54+00:00","og_image":[{"width":1200,"height":630,"url":"https:\/\/mondodelgiardino.com\/wp-content\/uploads\/2022\/10\/Consiglio-deuropa_coe_int1200x630.jpg","type":"image\/jpeg"}],"author":"admin","twitter_card":"summary_large_image","twitter_misc":{"Written by":"admin","Est. reading time":"8 minutes"},"schema":{"@context":"https:\/\/schema.org","@graph":[{"@type":"Article","@id":"https:\/\/mondodelgiardino.com\/en\/universite-dete-dejeant-pons-and-porcari\/#article","isPartOf":{"@id":"https:\/\/mondodelgiardino.com\/en\/universite-dete-dejeant-pons-and-porcari\/"},"author":{"name":"admin","@id":"https:\/\/mondodelgiardino.com\/en\/#\/schema\/person\/59fa8845bd0c10f5cfb08a435f1e4d23"},"headline":"Universit\u00e9 d&#8217;Et\u00e9 &#8211; Dejeant-Pons and Porcari","datePublished":"2022-10-25T16:06:17+00:00","dateModified":"2025-05-13T13:41:54+00:00","mainEntityOfPage":{"@id":"https:\/\/mondodelgiardino.com\/en\/universite-dete-dejeant-pons-and-porcari\/"},"wordCount":1859,"publisher":{"@id":"https:\/\/mondodelgiardino.com\/en\/#organization"},"image":{"@id":"https:\/\/mondodelgiardino.com\/en\/universite-dete-dejeant-pons-and-porcari\/#primaryimage"},"thumbnailUrl":"https:\/\/mondodelgiardino.com\/wp-content\/uploads\/2022\/10\/Consiglio-deuropa_coe_int1200x630.jpg","keywords":["Arketipos","Council of Europe","Dynamo Camp","Environmental Education","landscape","landscape architecture","landscape professions","Monastero di Astino","quality of life","social inclusion","sustainable development","territorial policies","Training","universit\u00e9 d\u2019\u00e9t\u00e9"],"articleSection":["Conferences"],"inLanguage":"en-US"},{"@type":"WebPage","@id":"https:\/\/mondodelgiardino.com\/en\/universite-dete-dejeant-pons-and-porcari\/","url":"https:\/\/mondodelgiardino.com\/en\/universite-dete-dejeant-pons-and-porcari\/","name":"Universit\u00e9 d'et\u00e9 - Dejeant-Pons and Porcari - Mondo del Giardino","isPartOf":{"@id":"https:\/\/mondodelgiardino.com\/en\/#website"},"primaryImageOfPage":{"@id":"https:\/\/mondodelgiardino.com\/en\/universite-dete-dejeant-pons-and-porcari\/#primaryimage"},"image":{"@id":"https:\/\/mondodelgiardino.com\/en\/universite-dete-dejeant-pons-and-porcari\/#primaryimage"},"thumbnailUrl":"https:\/\/mondodelgiardino.com\/wp-content\/uploads\/2022\/10\/Consiglio-deuropa_coe_int1200x630.jpg","datePublished":"2022-10-25T16:06:17+00:00","dateModified":"2025-05-13T13:41:54+00:00","description":"At the Universit\u00e9 d'Et\u00e9 Dejeant-Pons and Porcari, at the Monastery of Astino, they talked about the training of landscape professionals.","breadcrumb":{"@id":"https:\/\/mondodelgiardino.com\/en\/universite-dete-dejeant-pons-and-porcari\/#breadcrumb"},"inLanguage":"en-US","potentialAction":[{"@type":"ReadAction","target":["https:\/\/mondodelgiardino.com\/en\/universite-dete-dejeant-pons-and-porcari\/"]}]},{"@type":"ImageObject","inLanguage":"en-US","@id":"https:\/\/mondodelgiardino.com\/en\/universite-dete-dejeant-pons-and-porcari\/#primaryimage","url":"https:\/\/mondodelgiardino.com\/wp-content\/uploads\/2022\/10\/Consiglio-deuropa_coe_int1200x630.jpg","contentUrl":"https:\/\/mondodelgiardino.com\/wp-content\/uploads\/2022\/10\/Consiglio-deuropa_coe_int1200x630.jpg","width":1200,"height":630,"caption":"mondo-del-giardino maestri del paesaggio consiglio d'europa"},{"@type":"BreadcrumbList","@id":"https:\/\/mondodelgiardino.com\/en\/universite-dete-dejeant-pons-and-porcari\/#breadcrumb","itemListElement":[{"@type":"ListItem","position":1,"name":"Home","item":"https:\/\/mondodelgiardino.com\/en\/"},{"@type":"ListItem","position":2,"name":"Universit\u00e9 d&#8217;Et\u00e9 &#8211; Dejeant-Pons and Porcari"}]},{"@type":"WebSite","@id":"https:\/\/mondodelgiardino.com\/en\/#website","url":"https:\/\/mondodelgiardino.com\/en\/","name":"Mondo del Giardino","description":"Cultura del verde","publisher":{"@id":"https:\/\/mondodelgiardino.com\/en\/#organization"},"alternateName":"Mondo del Giardino","potentialAction":[{"@type":"SearchAction","target":{"@type":"EntryPoint","urlTemplate":"https:\/\/mondodelgiardino.com\/en\/?s={search_term_string}"},"query-input":{"@type":"PropertyValueSpecification","valueRequired":true,"valueName":"search_term_string"}}],"inLanguage":"en-US"},{"@type":"Organization","@id":"https:\/\/mondodelgiardino.com\/en\/#organization","name":"Mondo del Giardino","alternateName":"Mondo del Giardino","url":"https:\/\/mondodelgiardino.com\/en\/","logo":{"@type":"ImageObject","inLanguage":"en-US","@id":"https:\/\/mondodelgiardino.com\/en\/#\/schema\/logo\/image\/","url":"https:\/\/mondodelgiardino.com\/wp-content\/uploads\/2024\/07\/Logo-mondo-del-giardino-cultura-del-verde.png","contentUrl":"https:\/\/mondodelgiardino.com\/wp-content\/uploads\/2024\/07\/Logo-mondo-del-giardino-cultura-del-verde.png","width":466,"height":366,"caption":"Mondo del Giardino"},"image":{"@id":"https:\/\/mondodelgiardino.com\/en\/#\/schema\/logo\/image\/"},"sameAs":["https:\/\/www.facebook.com\/mondodelgiardino","https:\/\/www.instagram.com\/mondodelgiardino\/","https:\/\/www.linkedin.com\/company\/mondo-del-giardino\/","https:\/\/www.youtube.com\/@mondodelgiardinopuntocom"]},{"@type":"Person","@id":"https:\/\/mondodelgiardino.com\/en\/#\/schema\/person\/59fa8845bd0c10f5cfb08a435f1e4d23","name":"admin","image":{"@type":"ImageObject","inLanguage":"en-US","@id":"https:\/\/mondodelgiardino.com\/en\/#\/schema\/person\/image\/","url":"https:\/\/secure.gravatar.com\/avatar\/ca7d6dc7bbdc98d3214c49983f483695e2d0543754ca5ff1eb90cfdf66a96959?s=96&d=mm&r=g","contentUrl":"https:\/\/secure.gravatar.com\/avatar\/ca7d6dc7bbdc98d3214c49983f483695e2d0543754ca5ff1eb90cfdf66a96959?s=96&d=mm&r=g","caption":"admin"},"sameAs":["https:\/\/mondodelgiardino.com"]}]}},"_links":{"self":[{"href":"https:\/\/mondodelgiardino.com\/en\/wp-json\/wp\/v2\/posts\/3859","targetHints":{"allow":["GET"]}}],"collection":[{"href":"https:\/\/mondodelgiardino.com\/en\/wp-json\/wp\/v2\/posts"}],"about":[{"href":"https:\/\/mondodelgiardino.com\/en\/wp-json\/wp\/v2\/types\/post"}],"author":[{"embeddable":true,"href":"https:\/\/mondodelgiardino.com\/en\/wp-json\/wp\/v2\/users\/1"}],"replies":[{"embeddable":true,"href":"https:\/\/mondodelgiardino.com\/en\/wp-json\/wp\/v2\/comments?post=3859"}],"version-history":[{"count":8,"href":"https:\/\/mondodelgiardino.com\/en\/wp-json\/wp\/v2\/posts\/3859\/revisions"}],"predecessor-version":[{"id":10966,"href":"https:\/\/mondodelgiardino.com\/en\/wp-json\/wp\/v2\/posts\/3859\/revisions\/10966"}],"wp:featuredmedia":[{"embeddable":true,"href":"https:\/\/mondodelgiardino.com\/en\/wp-json\/wp\/v2\/media\/3848"}],"wp:attachment":[{"href":"https:\/\/mondodelgiardino.com\/en\/wp-json\/wp\/v2\/media?parent=3859"}],"wp:term":[{"taxonomy":"category","embeddable":true,"href":"https:\/\/mondodelgiardino.com\/en\/wp-json\/wp\/v2\/categories?post=3859"},{"taxonomy":"post_tag","embeddable":true,"href":"https:\/\/mondodelgiardino.com\/en\/wp-json\/wp\/v2\/tags?post=3859"}],"curies":[{"name":"wp","href":"https:\/\/api.w.org\/{rel}","templated":true}]}}