{"id":3965,"date":"2022-10-31T07:13:36","date_gmt":"2022-10-31T07:13:36","guid":{"rendered":"https:\/\/new.mondodelgiardino.com\/?p=3965"},"modified":"2025-06-12T09:27:36","modified_gmt":"2025-06-12T09:27:36","slug":"masters-of-landscape-carpi-foundation","status":"publish","type":"post","link":"https:\/\/mondodelgiardino.com\/en\/masters-of-landscape-carpi-foundation\/","title":{"rendered":"Masters of Landscape &#8211; Foundation Carpi"},"content":{"rendered":"<p>[et_pb_section fb_built=&#8221;1&#8243; admin_label=&#8221;Testo (100%)&#8221; _builder_version=&#8221;4.27.0&#8243; _module_preset=&#8221;default&#8221; global_colors_info=&#8221;{}&#8221;][et_pb_row _builder_version=&#8221;4.27.0&#8243; _module_preset=&#8221;default&#8221; width=&#8221;100%&#8221; custom_padding=&#8221;0px||0px||false|false&#8221; global_colors_info=&#8221;{}&#8221;][et_pb_column type=&#8221;4_4&#8243; _builder_version=&#8221;4.27.0&#8243; _module_preset=&#8221;default&#8221; global_colors_info=&#8221;{}&#8221;][et_pb_text _builder_version=&#8221;4.27.4&#8243; _module_preset=&#8221;default&#8221; hover_enabled=&#8221;0&#8243; global_colors_info=&#8221;{}&#8221; sticky_enabled=&#8221;0&#8243;]<\/p>\n<h5 class=\"entry-title\">At the event Maestri del Paesaggio &#8211; Fondazione Carpi presented, on September 14, in Bergamo, the project &#8211; supported by them &#8211; for the redevelopment of the Santa Croce Park. The park, now a city park, focuses on sustainability, biodiversity and historical memory. It involves volunteers, promotes native and forgotten species, and integrates vegetable gardens, native hedges, orchards and flower meadows, woods and educational areas, improving the environment and public health. With its 10,000 trees planted, the project has a strong ecological and social impact. The design was curated by Studio Rocco Giardini, in synergy with local authorities, volunteers and green professionals.<\/h5>\n<p>[\/et_pb_text][\/et_pb_column][\/et_pb_row][\/et_pb_section][et_pb_section fb_built=&#8221;1&#8243; admin_label=&#8221;Testo (100%)&#8221; _builder_version=&#8221;4.27.0&#8243; _module_preset=&#8221;default&#8221; global_colors_info=&#8221;{}&#8221;][et_pb_row _builder_version=&#8221;4.27.0&#8243; _module_preset=&#8221;default&#8221; width=&#8221;100%&#8221; custom_padding=&#8221;0px||0px||false|false&#8221; global_colors_info=&#8221;{}&#8221;][et_pb_column type=&#8221;4_4&#8243; _builder_version=&#8221;4.27.0&#8243; _module_preset=&#8221;default&#8221; global_colors_info=&#8221;{}&#8221;][et_pb_text _builder_version=&#8221;4.27.4&#8243; _module_preset=&#8221;default&#8221; global_colors_info=&#8221;{}&#8221;]<\/p>\n<h2><strong>Masters of Landscape &#8211; Foundation Carpi<\/strong><\/h2>\n<h3>Carpi Foundation: The redevelopment of the Santacroce Park<\/h3>\n<p><strong>On 14 September, in the beautiful Sala dei Giuristi at the Palazzo della Ragione in Bergamo Alta, the Carpi Foundation and the redevelopment of Parco Santacroce were discussed.<\/strong><\/p>\n<p>Mrs. Zaffignani, writer and godmother of the birtgarden and natural garden, and Mrs. Elisabetta Pozzetti, landscape designer and editor-in-chief of Villegiardini, presented the Carpi Foundation and the transformation of the Santacroce Park from peri-city green to a city park.<\/p>\n<p>The presentation was possible thanks to the will of Arketipos and the entire organization of Masters of the Landscape 2022.<\/p>\n<p><strong>26 hectares of green space purchased by the Carpi savings bank foundation in the south-west of Carpi near the center, but also at the motorway exit.<\/strong><\/p>\n<p>&nbsp;<\/p>\n<p>[\/et_pb_text][\/et_pb_column][\/et_pb_row][\/et_pb_section][et_pb_section fb_built=&#8221;1&#8243; admin_label=&#8221;Immagine (100%)&#8221; _builder_version=&#8221;4.27.0&#8243; custom_padding=&#8221;0px||20px||false|false&#8221; collapsed=&#8221;off&#8221; global_colors_info=&#8221;{}&#8221;][et_pb_row admin_label=&#8221;Riga&#8221; _builder_version=&#8221;4.27.0&#8243; background_size=&#8221;initial&#8221; background_position=&#8221;top_left&#8221; background_repeat=&#8221;repeat&#8221; width=&#8221;100%&#8221; custom_padding=&#8221;0px||0px||false|false&#8221; global_colors_info=&#8221;{}&#8221;][et_pb_column type=&#8221;4_4&#8243; _builder_version=&#8221;4.16&#8243; custom_padding=&#8221;|||&#8221; global_colors_info=&#8221;{}&#8221; custom_padding__hover=&#8221;|||&#8221;][et_pb_image src=&#8221;https:\/\/mondodelgiardino.com\/wp-content\/uploads\/2024\/09\/Parco-Santacroce_web.jpg&#8221; title_text=&#8221;Parco Santacroce_web&#8221; show_in_lightbox=&#8221;on&#8221; force_fullwidth=&#8221;on&#8221; _builder_version=&#8221;4.27.0&#8243; _module_preset=&#8221;default&#8221; global_colors_info=&#8221;{}&#8221;][\/et_pb_image][\/et_pb_column][\/et_pb_row][\/et_pb_section][et_pb_section fb_built=&#8221;1&#8243; admin_label=&#8221;Testo (100%)&#8221; _builder_version=&#8221;4.27.0&#8243; _module_preset=&#8221;default&#8221; global_colors_info=&#8221;{}&#8221;][et_pb_row _builder_version=&#8221;4.27.0&#8243; _module_preset=&#8221;default&#8221; width=&#8221;100%&#8221; custom_padding=&#8221;0px||0px||false|false&#8221; global_colors_info=&#8221;{}&#8221;][et_pb_column type=&#8221;4_4&#8243; _builder_version=&#8221;4.27.0&#8243; _module_preset=&#8221;default&#8221; global_colors_info=&#8221;{}&#8221;][et_pb_text _builder_version=&#8221;4.27.4&#8243; _module_preset=&#8221;default&#8221; global_colors_info=&#8221;{}&#8221;]<\/p>\n<h3><strong>Masters of Landscape &#8211; Foundation Carpi<\/strong><\/h3>\n<h3>Carpi Foundation: Objectives of the transformation of the Santacroce Park<\/h3>\n<p>In 2019 it was decided to redevelop the park. We started from an already important plant heritage: 3000 plants.<\/p>\n<p>The Santacroce Park was assigned to the President of the foundation and was for agricultural use. With this redevelopment, the aim was to amplify the social vocation of greenery.<\/p>\n<h3>First objective of the redevelopment of the Santacroce Park: Economic sustainability<\/h3>\n<p>The first important thing that had to be done is to make it work: without this step it is unfortunately not possible to do anything.<\/p>\n<p><strong>Economic sustainability at the service of recreational spaces.<\/strong><\/p>\n<h3>Second objective of the redevelopment of the Santacroce Park: Encourage planting<\/h3>\n<p>The second objective was to encourage planting, bringing them from 3000 to 10,000 even with essences of important dimensions.<\/p>\n<p>To respect the budgets, they used volunteering and created a super-condominium for volunteering in Carpi, a building made available to the municipality where all the associations were brought together so that they were also able to benefit from interactions useful to all of them by combining intent and strength. This initiative contributed to the creation of the Park.<\/p>\n<p><strong>The intention is to restore the plain forest that already exists in that area.<\/strong><\/p>\n<p>The fruit trees used are the forgotten ones. In fact, they found a company that cultivated them and chose them to &#8220;cultivate&#8221; the memory in addition to the plant. They do not need treatments and have very good fruits. 70 plants for Forgotten Food.<\/p>\n<p>Even the vegetable garden, when inserted, will follow these principles. Young and old will be involved in its creation.<\/p>\n<p><strong>These are the arguments that create a common thread with the manifestation of the Masters of the Landscape that is taking place.<\/strong><\/p>\n<p>Mrs. Zaffignani deals with the interaction between soil, plants and climate. It tells us about an avenue of plane trees and one of the existing lime trees to be preserved.<\/p>\n<h2>The focus of the redevelopment of the Santacroce Park<\/h2>\n<p><strong>The Park will have 5 focuses: the forest, the water, the native mixed hedge and the orchard.<\/strong><\/p>\n<p>The Wood will be an example of a plain wood, as already mentioned with the presence of the Farnia &#8211; the oak par excellence!<\/p>\n<p>The mixed tree-lined hedge will consist of hawthorn, dog rose, hazel, lantana, privet, laburnum, blackthorn, dogwood etc.<\/p>\n<p>In this regard, you can learn more about the subject with this video <a href=\"https:\/\/youtu.be\/WGFUpuYHakY\" target=\"_blank\" rel=\"noopener\"><span style=\"text-decoration: underline;\">https:\/\/youtu.be\/WGFUpuYHakY<\/span><\/a>\u00a0 and on the site iscapeproject.eu<\/p>\n<p>[\/et_pb_text][\/et_pb_column][\/et_pb_row][\/et_pb_section][et_pb_section fb_built=&#8221;1&#8243; admin_label=&#8221;Immagine (100%)&#8221; _builder_version=&#8221;4.27.0&#8243; custom_padding=&#8221;0px||20px||false|false&#8221; collapsed=&#8221;off&#8221; global_colors_info=&#8221;{}&#8221;][et_pb_row admin_label=&#8221;Riga&#8221; _builder_version=&#8221;4.27.0&#8243; background_size=&#8221;initial&#8221; background_position=&#8221;top_left&#8221; background_repeat=&#8221;repeat&#8221; width=&#8221;100%&#8221; custom_padding=&#8221;0px||0px||false|false&#8221; global_colors_info=&#8221;{}&#8221;][et_pb_column type=&#8221;4_4&#8243; _builder_version=&#8221;4.16&#8243; custom_padding=&#8221;|||&#8221; global_colors_info=&#8221;{}&#8221; custom_padding__hover=&#8221;|||&#8221;][et_pb_image src=&#8221;https:\/\/mondodelgiardino.com\/wp-content\/uploads\/2024\/09\/Header_web.jpg&#8221; title_text=&#8221;Header_web&#8221; show_in_lightbox=&#8221;on&#8221; force_fullwidth=&#8221;on&#8221; _builder_version=&#8221;4.27.0&#8243; _module_preset=&#8221;default&#8221; global_colors_info=&#8221;{}&#8221;][\/et_pb_image][\/et_pb_column][\/et_pb_row][\/et_pb_section][et_pb_section fb_built=&#8221;1&#8243; admin_label=&#8221;Testo (100%)&#8221; _builder_version=&#8221;4.27.0&#8243; _module_preset=&#8221;default&#8221; global_colors_info=&#8221;{}&#8221;][et_pb_row _builder_version=&#8221;4.27.0&#8243; _module_preset=&#8221;default&#8221; width=&#8221;100%&#8221; custom_padding=&#8221;0px||0px||false|false&#8221; global_colors_info=&#8221;{}&#8221;][et_pb_column type=&#8221;4_4&#8243; _builder_version=&#8221;4.27.0&#8243; _module_preset=&#8221;default&#8221; global_colors_info=&#8221;{}&#8221;][et_pb_text _builder_version=&#8221;4.27.0&#8243; _module_preset=&#8221;default&#8221; global_colors_info=&#8221;{}&#8221;]<\/p>\n<p>&nbsp;<\/p>\n<h2>Santacroce Carpi Park: Ecological choices<\/h2>\n<p>The links inserted above will give you information on the studies carried out in Europe on hedges that absorb pollution.<\/p>\n<p>The hedges we are talking about are on the edge of the crops and represent an ecological corridor for the animals that are thus able to move.<\/p>\n<p>The hedges must be made up of high but also low essences.<\/p>\n<p>This type of composition is a shelter for nesting (for example the Prunus spinosa) and food, with autumn berries. Flowers in spring, on the other hand, are used by insects and insects are food for birds and other animals.<\/p>\n<p>In addition, natural ditches have been preserved that collect water and in which we have seen aquatic plants settle independently.<\/p>\n<p><strong>The lawn is also full of life!<\/strong> the design choice was not to cut them all, but only the walkways to allow children to enjoy the tall grass and flowery meadows in spring.<\/p>\n<p><em>We have identified an Italian company that has prepared and studied special mixtures of Italian seeds both for the areas of full sun and for those more shaded by the foliage of the trees. The new flowery meadow area, which covers an area of \u200b\u200bover 15,000 square meters, was sown in March 2022. The complete flowering of the lawn, being composed of annual species and perennial species, will take place no earlier than two-three years, the minimum time necessary for the formation of a flowering meadow of wild species.<\/em><\/p>\n<p>Mrs. Rita Baraldi of the CSR of Bologna will now explain to us what are the Mitigation Potentials of this SantaCroce Park operation.<\/p>\n<h2>&nbsp;<\/h2>\n<h2>Santacroce Carpi Park: Mitigation potentials<\/h2>\n<h3>The first potential is the absorption of CO2, the second is the absorption and capture of atmospheric pollutants<\/h3>\n<p>Carbon dioxide continues to rise and is a greenhouse gas which is jointly responsible for the increase in temperature.<\/p>\n<p>Europe wears the black jersey in the improvement compared to 2009.<\/p>\n<p>The Po Valley is called a gas chamber. Why? Because it is closed between mountains and a sea which is however closed.<\/p>\n<p>Medical studies have also been concerned with the benefit of green in public health for cardiovascular diseases.<\/p>\n<p>In New York, the Community Gardens (born from them in the 1970s) have given a significant reduction in abortions.<\/p>\n<p><strong>In an area of \u200b\u200bsynergy with the natural world, cut plants that throw back must be facilitated.<\/strong><\/p>\n<p>[\/et_pb_text][\/et_pb_column][\/et_pb_row][\/et_pb_section][et_pb_section fb_built=&#8221;1&#8243; admin_label=&#8221;Masonry (100%)&#8221; _builder_version=&#8221;4.27.0&#8243; custom_padding=&#8221;0px||0px||false|false&#8221; locked=&#8221;off&#8221; collapsed=&#8221;off&#8221; global_colors_info=&#8221;{}&#8221;][et_pb_row make_equal=&#8221;on&#8221; admin_label=&#8221;Riga&#8221; _builder_version=&#8221;4.27.0&#8243; background_size=&#8221;initial&#8221; background_position=&#8221;top_left&#8221; background_repeat=&#8221;repeat&#8221; width=&#8221;100%&#8221; custom_padding=&#8221;0px||0px||false|false&#8221; global_colors_info=&#8221;{}&#8221;][et_pb_column type=&#8221;4_4&#8243; _builder_version=&#8221;4.16&#8243; custom_padding=&#8221;|||&#8221; global_colors_info=&#8221;{}&#8221; custom_padding__hover=&#8221;|||&#8221;][dmg_masonry_gallery gallery=&#8221;3956,3954&#8243; columns=&#8221;2&#8243; gutter=&#8221;20&#8243; images_size=&#8221;dmg_image_extra_large&#8221; hover_overlay_effect=&#8221;nothing&#8221; _builder_version=&#8221;4.27.0&#8243; _module_preset=&#8221;default&#8221; title_text_align=&#8221;left&#8221; global_colors_info=&#8221;{}&#8221;][\/dmg_masonry_gallery][\/et_pb_column][\/et_pb_row][\/et_pb_section][et_pb_section fb_built=&#8221;1&#8243; admin_label=&#8221;Testo (100%)&#8221; _builder_version=&#8221;4.27.0&#8243; _module_preset=&#8221;default&#8221; global_colors_info=&#8221;{}&#8221;][et_pb_row _builder_version=&#8221;4.27.0&#8243; _module_preset=&#8221;default&#8221; width=&#8221;100%&#8221; custom_padding=&#8221;0px||0px||false|false&#8221; global_colors_info=&#8221;{}&#8221;][et_pb_column type=&#8221;4_4&#8243; _builder_version=&#8221;4.27.0&#8243; _module_preset=&#8221;default&#8221; global_colors_info=&#8221;{}&#8221;][et_pb_text _builder_version=&#8221;4.27.0&#8243; _module_preset=&#8221;default&#8221; global_colors_info=&#8221;{}&#8221;]<\/p>\n<p>&nbsp;<\/p>\n<h2>The project for the redevelopment of the Santacroce Carpi Park<\/h2>\n<blockquote>\n<p>But who actually carried out the executive drawings of the project and followed the construction work?<\/p>\n<\/blockquote>\n<p>Studio Rocco Giardini in Brescia, specialized in the landscape design of private and collective green spaces for a long time, was in charge of the executive drawings and the direction of the works.<\/p>\n<p><strong>We leave, thanking them, that it is Rocco Srl itself to talk to us about their fundamental contribution to the work:<\/strong><\/p>\n<p><em>Starting from a preliminary project, carried out by Vivai Mati in collaboration with Dr. Zaffignani and approved by the CRC Foundation, our firm took care of making it executive. <\/em><\/p>\n<p><strong><em>To do this, after several inspections and photographic surveys, it was necessary to carry out<\/em> <em>an in-depth study of the flows and the positioning of the various structures provided within the Park such as kiosks, greenery theater, vegetable garden and educational areas, parking areas, all in the respect for existing trees that are already well developed.<\/em> <\/strong><\/p>\n<p><em>The executive project was born from a synergy of professionals, landscape architects, agronomists, architects, set designers and engineers of our staff who, in addition to the design of the green, followed the plant engineering part, from irrigation and lighting to the study of materials for natural and draining flooring. , entering a very accurate level of detail. <\/em><\/p>\n<p><em>In the design phase, some precautions were taken to preserve and promote biodiversity, such as the inclusion of wetlands on the sides of the irrigation canal and the maintenance of large areas with unmown flowering rustic lawns. <\/em><\/p>\n<p>&nbsp;<\/p>\n<h2>The realization of the redevelopment works of the Park<\/h2>\n<p><strong><em>The first construction phase of the Santacroce Park, pending the conclusion of the authorization process for the change of land use, focused on the planting of plants and shrubs. <\/em><\/strong><\/p>\n<p><em>For this first work step we have carefully chosen the plants in the nursery, using only potted trees and native species. <\/em><\/p>\n<p><em>During the construction phases, with the collaboration of specialized topographers, we traced on the field all the executive project carried out, from the paths to the positioning of the main structures and plants. <\/em><\/p>\n<p><em>Later we followed all the phases of the planting; for each intervention area, the characteristics of the soil and any measures to improve the planting site were assessed during the excavation, in order to ensure optimal living conditions for the plants. Our technicians also took care of detecting the biometric data of each individual plant, then collected in a database provided to the CNR for studies on the absorption of carbon dioxide.<\/em><\/p>\n<p>[\/et_pb_text][\/et_pb_column][\/et_pb_row][\/et_pb_section][et_pb_section fb_built=&#8221;1&#8243; admin_label=&#8221;Masonry (100%)&#8221; _builder_version=&#8221;4.27.0&#8243; custom_padding=&#8221;0px||0px||false|false&#8221; locked=&#8221;off&#8221; collapsed=&#8221;off&#8221; global_colors_info=&#8221;{}&#8221;][et_pb_row make_equal=&#8221;on&#8221; admin_label=&#8221;Riga&#8221; _builder_version=&#8221;4.27.0&#8243; background_size=&#8221;initial&#8221; background_position=&#8221;top_left&#8221; background_repeat=&#8221;repeat&#8221; width=&#8221;100%&#8221; custom_padding=&#8221;0px||0px||false|false&#8221; global_colors_info=&#8221;{}&#8221;][et_pb_column type=&#8221;4_4&#8243; _builder_version=&#8221;4.16&#8243; custom_padding=&#8221;|||&#8221; global_colors_info=&#8221;{}&#8221; custom_padding__hover=&#8221;|||&#8221;][dmg_masonry_gallery gallery=&#8221;3952,3946,3958,3948&#8243; columns=&#8221;2&#8243; gutter=&#8221;20&#8243; images_size=&#8221;dmg_image_extra_large&#8221; modal_title=&#8221;on&#8221; hover_overlay_effect=&#8221;overlay_image_data&#8221; hover_overlay_color=&#8221;#0d321a&#8221; overlay_title_size=&#8221;14px&#8221; show_overlay_caption=&#8221;off&#8221; overlay_content_animation=&#8221;dmg-visible-bottom&#8221; _builder_version=&#8221;4.27.0&#8243; _module_preset=&#8221;default&#8221; title_text_align=&#8221;left&#8221; global_colors_info=&#8221;{}&#8221;][\/dmg_masonry_gallery][\/et_pb_column][\/et_pb_row][\/et_pb_section][et_pb_section fb_built=&#8221;1&#8243; admin_label=&#8221;Consiglio MDG&#8221; _builder_version=&#8221;4.27.0&#8243; _module_preset=&#8221;default&#8221; custom_margin=&#8221;30px||20px||false|false&#8221; custom_padding=&#8221;10px|20px|20px|20px|false|true&#8221; border_radii=&#8221;on|15px|15px|15px|15px&#8221; border_width_all=&#8221;4px&#8221; border_color_all=&#8221;#d5de75&#8243; global_colors_info=&#8221;{}&#8221;][et_pb_row _builder_version=&#8221;4.27.0&#8243; _module_preset=&#8221;default&#8221; width=&#8221;100%&#8221; custom_padding=&#8221;0px||0px||false|false&#8221; global_colors_info=&#8221;{}&#8221;][et_pb_column type=&#8221;4_4&#8243; _builder_version=&#8221;4.27.0&#8243; _module_preset=&#8221;default&#8221; global_colors_info=&#8221;{}&#8221;][et_pb_text _builder_version=&#8221;4.27.0&#8243; _module_preset=&#8221;default&#8221; global_colors_info=&#8221;{}&#8221;]<\/p>\n<h1>The mondo del giardino advice<\/h1>\n<p><strong>If you want to deepen the discussion of the Community Garden, you will find a lot of material on the net and you can find out from your Municipality on what its policies are in this regard and (why not) the green professionals could also propose solutions to the Municipality.<\/strong><\/p>\n<p>[\/et_pb_text][\/et_pb_column][\/et_pb_row][\/et_pb_section][et_pb_section fb_built=&#8221;1&#8243; admin_label=&#8221;Testo (100%)&#8221; _builder_version=&#8221;4.27.0&#8243; _module_preset=&#8221;default&#8221; global_colors_info=&#8221;{}&#8221;][et_pb_row _builder_version=&#8221;4.27.0&#8243; _module_preset=&#8221;default&#8221; width=&#8221;100%&#8221; custom_padding=&#8221;0px||0px||false|false&#8221; global_colors_info=&#8221;{}&#8221;][et_pb_column type=&#8221;4_4&#8243; _builder_version=&#8221;4.27.0&#8243; _module_preset=&#8221;default&#8221; global_colors_info=&#8221;{}&#8221;][et_pb_text _builder_version=&#8221;4.27.0&#8243; _module_preset=&#8221;default&#8221; global_colors_info=&#8221;{}&#8221;]<\/p>\n<p>Now on horseback! Work awaits us! Our new wonderful outdoor space is about to be born!<\/p>\n<p>GOOD WORK and &#8230; if you have any questions please write to <a href=\"mailto:info@mondodelgiardino.com\">info@mondodelgiardino.com<\/a><\/p>\n<p>Sources of images: the first photo is taken from google maps; the plan of the park from above is taken from modenatoday.it; the images of the project are taken from temponews.it;<\/p>\n<p>[\/et_pb_text][\/et_pb_column][\/et_pb_row][\/et_pb_section]<\/p>\n","protected":false},"excerpt":{"rendered":"<p>On 14 September, the example of the redevelopment of the Santa Croce Park in Carpi was brought to the Palazzo della Ragione in Bergamo Alta<\/p>\n","protected":false},"author":1,"featured_media":3945,"comment_status":"closed","ping_status":"closed","sticky":false,"template":"","format":"standard","meta":{"_et_pb_use_builder":"on","_et_pb_old_content":"[et_pb_section fb_built=\"1\" admin_label=\"Immagine (100%)\" _builder_version=\"4.27.0\" custom_padding=\"0px||20px||false|false\" collapsed=\"off\" global_colors_info=\"{}\" theme_builder_area=\"post_content\"][et_pb_row admin_label=\"Riga\" _builder_version=\"4.27.0\" background_size=\"initial\" background_position=\"top_left\" background_repeat=\"repeat\" width=\"100%\" custom_padding=\"0px||0px||false|false\" global_colors_info=\"{}\" theme_builder_area=\"post_content\"][et_pb_column type=\"4_4\" _builder_version=\"4.16\" custom_padding=\"|||\" global_colors_info=\"{}\" custom_padding__hover=\"|||\" theme_builder_area=\"post_content\"][et_pb_image src=\"https:\/\/mondodelgiardino.com\/wp-content\/uploads\/2024\/09\/orti-didattici_temponewsit_web.jpg\" title_text=\"orti-didattici_temponewsit_web\" show_in_lightbox=\"on\" force_fullwidth=\"on\" _builder_version=\"4.27.0\" _module_preset=\"default\" hover_enabled=\"0\" global_colors_info=\"{}\" theme_builder_area=\"post_content\" sticky_enabled=\"0\"][\/et_pb_image][\/et_pb_column][\/et_pb_row][\/et_pb_section][et_pb_section fb_built=\"1\" admin_label=\"Testo (100%)\" _builder_version=\"4.27.0\" _module_preset=\"default\" global_colors_info=\"{}\" theme_builder_area=\"post_content\"][et_pb_row _builder_version=\"4.27.0\" _module_preset=\"default\" width=\"100%\" custom_padding=\"0px||0px||false|false\" global_colors_info=\"{}\" theme_builder_area=\"post_content\"][et_pb_column type=\"4_4\" _builder_version=\"4.27.0\" _module_preset=\"default\" global_colors_info=\"{}\" theme_builder_area=\"post_content\"][et_pb_text _builder_version=\"4.27.0\" _module_preset=\"default\" hover_enabled=\"0\" global_colors_info=\"{}\" theme_builder_area=\"post_content\" sticky_enabled=\"0\"]<h2>Fondazione Carpi: La riqualificazione del Parco Santacroce<\/h2>\r\n<p><strong>Il 14 Settembre, nella bellissima Sala dei Giuristi al Palazzo della Ragione di Bergamo Alta si \u00e8 parlato di Fondazione Carpi e la riqualifica di Parco Santacroce<\/strong><\/p>\r\n<p>La Sig.ra Zaffignani, scrittrice e madrina del birtgarden e giardino naturale, e la Sig.ra Elisabetta Pozzetti, Paesaggista e caporedattrice di Villegiardini, hanno presentato la Fondazione Carpi e la trasformazione del Parco Santacroce da verde peri-cittadino a Parco cittadino.<\/p>\r\n<p>La presentazione \u00e8 stata possibile grazie al volere di Arketipos e di tutta l\u2019organizzazione di Maestri del Paesaggio 2022.<\/p>\r\n<p><strong>26 ettari di polmone verde acquistati dalla fondazione cassa di risparmio di Carpi a sud-ovest di Carpi vicino al centro, ma anche al casello dell\u2019autostrada.<\/strong><\/p>\r\n<p>\u00a0<\/p>[\/et_pb_text][\/et_pb_column][\/et_pb_row][\/et_pb_section][et_pb_section fb_built=\"1\" admin_label=\"Immagine (100%)\" _builder_version=\"4.27.0\" custom_padding=\"0px||20px||false|false\" collapsed=\"off\" global_colors_info=\"{}\" theme_builder_area=\"post_content\"][et_pb_row admin_label=\"Riga\" _builder_version=\"4.27.0\" background_size=\"initial\" background_position=\"top_left\" background_repeat=\"repeat\" width=\"100%\" custom_padding=\"0px||0px||false|false\" global_colors_info=\"{}\" theme_builder_area=\"post_content\"][et_pb_column type=\"4_4\" _builder_version=\"4.16\" custom_padding=\"|||\" global_colors_info=\"{}\" custom_padding__hover=\"|||\" theme_builder_area=\"post_content\"][et_pb_image src=\"https:\/\/mondodelgiardino.com\/wp-content\/uploads\/2024\/09\/Parco-Santacroce_web.jpg\" title_text=\"Parco Santacroce_web\" show_in_lightbox=\"on\" force_fullwidth=\"on\" _builder_version=\"4.27.0\" _module_preset=\"default\" hover_enabled=\"0\" global_colors_info=\"{}\" theme_builder_area=\"post_content\" sticky_enabled=\"0\"][\/et_pb_image][\/et_pb_column][\/et_pb_row][\/et_pb_section][et_pb_section fb_built=\"1\" admin_label=\"Testo (100%)\" _builder_version=\"4.27.0\" _module_preset=\"default\" global_colors_info=\"{}\" theme_builder_area=\"post_content\"][et_pb_row _builder_version=\"4.27.0\" _module_preset=\"default\" width=\"100%\" custom_padding=\"0px||0px||false|false\" global_colors_info=\"{}\" theme_builder_area=\"post_content\"][et_pb_column type=\"4_4\" _builder_version=\"4.27.0\" _module_preset=\"default\" global_colors_info=\"{}\" theme_builder_area=\"post_content\"][et_pb_text _builder_version=\"4.27.0\" _module_preset=\"default\" hover_enabled=\"0\" global_colors_info=\"{}\" theme_builder_area=\"post_content\" sticky_enabled=\"0\"]<p>\u00a0<\/p>\r\n<h2>Fondazione Carpi: Obiettivi della trasformazione del Parco Santacroce<\/h2>\r\n<p>Nel 2019 si \u00e8 deciso di riqualificare il Parco. Si partiva da un patrimonio vegetale gi\u00e0 importante: 3000 piante.<\/p>\r\n<p>Il Parco Santacroce era assegnato al Presidente della fondazione ed era ad uso agricolo. Con questa riqualificazione si \u00e8 voluta amplificare la vocazione sociale del verde.<\/p>\r\n<p>\u00a0<\/p>\r\n<h3>Primo obiettivo della riqualificazione del Parco Santacroce: Sostenibilit\u00e0 economica<\/h3>\r\n<p>La prima cosa importante che si \u00e8 dovuta fare \u00e8 far tornare i conti: senza questo step non \u00e8 purtroppo possibile fare alcun che.<\/p>\r\n<p><strong>La sostenibilit\u00e0 economica a servizio degli spazi ricreativi.<\/strong><\/p>\r\n<p>\u00a0<\/p>\r\n<h3>Secondo obiettivo della riqualificazione del Parco Santacroce: Incentivare la piantumazione<\/h3>\r\n<p>Il secondo obbiettivo \u00e8 stato incentivare le piantumazioni portandole da 3000 a 10.000 anche con essenze di dimensioni importanti.<\/p>\r\n<p>Per rispettare i budget hanno utilizzato il volontariato ed hanno realizzato un super-condominio del volontariato a Carpi, un edificio messo a disposizione del comune dove sono state riunite tutte le associazioni che cos\u00ec hanno potuto anche beneficiare di interazioni utili a tutti loro unendo intenti e forze. Questa iniziativa ha contribuito alla creazione del Parco.<\/p>\r\n<p><strong>La volont\u00e0 \u00e8 quella di ripristinare la foresta planiziale gi\u00e0 esistente in quella zona.<\/strong><\/p>\r\n<p>Gli alberi da frutto utilizzati sono quelli dimenticati. Hanno infatti trovato un\u2019azienda che li coltivava e li hanno scelti per \u201ccoltivare\u201d la memoria oltre alla pianta. Non necessitano trattamenti ed hanno frutti molto buoni. 70 piante per il Forgotten Food.<\/p>\r\n<p>Anche l\u2019orto, quando inserito, seguir\u00e0 questi principi. Verranno coinvolti giovani ed anziani per la sua creazione.<\/p>\r\n<p><strong>Sono questi gli argomenti che creano un filo conduttore con la manifestazione dei Maestri del Paesaggio che si sta svolgendo.<\/strong><\/p>\r\n<p>La Sig.ra Zaffignani si occupa dell\u2019interazione tra suolo, piante e clima. Ci parla di un viale dei platani ed uno dei tigli gi\u00e0 esistenti da preservare.<\/p>\r\n<p>\u00a0<\/p>\r\n<h2>I focus della riqualificazione del Parco Santacroce<\/h2>\r\n<p><strong>Il Parco avr\u00e0 5 focus: il bosco, l\u2019acqua, la siepe mista autoctona ed il frutteto.<\/strong><\/p>\r\n<p>Il Bosco sar\u00e0 un esempio di bosco planiziale, come gi\u00e0 accennato con la presenza della Farnia \u2013 la quercia per eccellenza!<\/p>\r\n<p>La siepe mista alberata sar\u00e0 formata da biancospino, rosa canina, nocciolo, lantana, ligustro, maggiociondolo, prugnolo, corniolo ecc.<\/p>\r\n<p>A questo proposito potete approfondire l\u2019argomento con questo video <a href=\"https:\/\/youtu.be\/WGFUpuYHakY\" target=\"_blank\" rel=\"noopener\"><span style=\"text-decoration: underline;\">https:\/\/youtu.be\/WGFUpuYHakY<\/span><\/a>\u00a0 e sul sito iscapeproject.eu<\/p>[\/et_pb_text][\/et_pb_column][\/et_pb_row][\/et_pb_section][et_pb_section fb_built=\"1\" admin_label=\"Immagine (100%)\" _builder_version=\"4.27.0\" custom_padding=\"0px||20px||false|false\" collapsed=\"off\" global_colors_info=\"{}\" theme_builder_area=\"post_content\"][et_pb_row admin_label=\"Riga\" _builder_version=\"4.27.0\" background_size=\"initial\" background_position=\"top_left\" background_repeat=\"repeat\" width=\"100%\" custom_padding=\"0px||0px||false|false\" global_colors_info=\"{}\" theme_builder_area=\"post_content\"][et_pb_column type=\"4_4\" _builder_version=\"4.16\" custom_padding=\"|||\" global_colors_info=\"{}\" custom_padding__hover=\"|||\" theme_builder_area=\"post_content\"][et_pb_image src=\"https:\/\/mondodelgiardino.com\/wp-content\/uploads\/2024\/09\/Header_web.jpg\" title_text=\"Header_web\" show_in_lightbox=\"on\" force_fullwidth=\"on\" _builder_version=\"4.27.0\" _module_preset=\"default\" hover_enabled=\"0\" global_colors_info=\"{}\" theme_builder_area=\"post_content\" sticky_enabled=\"0\"][\/et_pb_image][\/et_pb_column][\/et_pb_row][\/et_pb_section][et_pb_section fb_built=\"1\" admin_label=\"Testo (100%)\" _builder_version=\"4.27.0\" _module_preset=\"default\" global_colors_info=\"{}\" theme_builder_area=\"post_content\"][et_pb_row _builder_version=\"4.27.0\" _module_preset=\"default\" width=\"100%\" custom_padding=\"0px||0px||false|false\" global_colors_info=\"{}\" theme_builder_area=\"post_content\"][et_pb_column type=\"4_4\" _builder_version=\"4.27.0\" _module_preset=\"default\" global_colors_info=\"{}\" theme_builder_area=\"post_content\"][et_pb_text _builder_version=\"4.27.0\" _module_preset=\"default\" hover_enabled=\"0\" global_colors_info=\"{}\" theme_builder_area=\"post_content\" sticky_enabled=\"0\"]<p>\u00a0<\/p>\r\n<h2>Parco Santacroce Carpi: Scelte ecologiche<\/h2>\r\n<p>I collegamenti inseriti qui sopra, vi daranno informazioni sugli studi eseguiti in Europa sulle siepi che assorbono l\u2019inquinamento.<\/p>\r\n<p>Le siepi di cui si parla sono a bordo delle coltivazioni e rappresentano un corridoio ecologico per gli animali che cos\u00ec riescono a spostarsi.<\/p>\r\n<p>Le siepi devono essere formate da essenze alte, ma anche basse.<\/p>\r\n<p>Questo tipo di composizione \u00e8 un riparo per la nidificazione (ad esempio il Prunus spinosa) e cibo, con le bacche autunnali. I fiori in primavera invece, servono agli insetti e gli insetti sono cibo per gli uccelli e gli altri animali.<\/p>\r\n<p>Inoltre, sono stati preservati dei fossetti naturali che raccolgono l\u2019acqua e nei quali abbiamo visto insediarsi autonomamente delle piante acquatiche.<\/p>\r\n<p><strong>Anche il prato \u00e8 ricco di vita!<\/strong> la scelta progettuale \u00e8 stata di non sfalciarli tutti, ma solo i camminamenti per permettere ai bambini in primavera di godere dell\u2019erba alta e dei prati fioriti.<\/p>\r\n<p><em>Abbiamo individuato un\u2019azienda italiana che ha preparato e studiato degli appositi miscugli di semi italiani sia per le zone di pieno sole che per quelle pi\u00f9 ombreggiate dalle chiome delle alberature. La nuova area a prato fiorito, che si estende su una superficie di oltre 15.000 metri quadrati, \u00e8 stata seminata nel mese di marzo 2022. La completa fioritura del prato, essendo composto da specie annuali e specie perenni, si avr\u00e0 non prima di due-tre anni, tempo minimo necessario alla formazione di un prato fiorito di specie selvatiche.<\/em><\/p>\r\n<p>La Sig.ra Rita Baraldi del CSR di Bologna ci spiegher\u00e0 ora quali sono i Potenziali di Mitigazione di questa operazione Parco SantaCroce.<\/p>\r\n<h2>\u00a0<\/h2>\r\n<h2>Parco Santacroce Carpi: I potenziali di mitigazione<\/h2>\r\n<h3>Il primo potenziale \u00e8 l\u2019assorbimento di CO2, il secondo \u00e8 l\u2019assorbimento e cattura degli inquinanti atmosferici<\/h3>\r\n<p>L\u2019anidride carbonica continua ad aumentare ed \u00e8 un gas serra corresponsabile dell\u2019aumento della temperatura.<\/p>\r\n<p>L\u2019Europa veste la maglia nera nel miglioramento rispetto al 2009.<\/p>\r\n<p>La pianura padana viene definita una camera a gas. Perch\u00e9? Perch\u00e9 \u00e8 chiusa tra montagne e un mare che per\u00f2 \u00e8 chiuso.<\/p>\r\n<p>Anche gli studi medici si sono interessati del bene del verde nella salute pubblica per le malattie cardiovascolari.<\/p>\r\n<p>A New York i Community Garden (nati da loro negli anni \u201970) hanno dato una riduzione degli aborti significativa.<\/p>\r\n<p><strong>In un ambito di sinergia con il mondo naturale le piante tagliate che ributtano vanno agevolate.<\/strong><\/p>[\/et_pb_text][\/et_pb_column][\/et_pb_row][\/et_pb_section][et_pb_section fb_built=\"1\" admin_label=\"Masonry (100%)\" _builder_version=\"4.27.0\" custom_padding=\"0px||0px||false|false\" locked=\"off\" collapsed=\"off\" global_colors_info=\"{}\" theme_builder_area=\"post_content\"][et_pb_row make_equal=\"on\" admin_label=\"Riga\" _builder_version=\"4.27.0\" background_size=\"initial\" background_position=\"top_left\" background_repeat=\"repeat\" width=\"100%\" custom_padding=\"0px||0px||false|false\" global_colors_info=\"{}\" theme_builder_area=\"post_content\"][et_pb_column type=\"4_4\" _builder_version=\"4.16\" custom_padding=\"|||\" global_colors_info=\"{}\" custom_padding__hover=\"|||\" theme_builder_area=\"post_content\"][dmg_masonry_gallery gallery=\"3956,3954\" columns=\"2\" gutter=\"20\" images_size=\"dmg_image_extra_large\" hover_overlay_effect=\"nothing\" _builder_version=\"4.27.0\" _module_preset=\"default\" title_text_align=\"left\" hover_enabled=\"0\" global_colors_info=\"{}\" theme_builder_area=\"post_content\" sticky_enabled=\"0\"][\/dmg_masonry_gallery][\/et_pb_column][\/et_pb_row][\/et_pb_section][et_pb_section fb_built=\"1\" admin_label=\"Testo (100%)\" _builder_version=\"4.27.0\" _module_preset=\"default\" hover_enabled=\"0\" global_colors_info=\"{}\" theme_builder_area=\"post_content\" sticky_enabled=\"0\"][et_pb_row _builder_version=\"4.27.0\" _module_preset=\"default\" width=\"100%\" custom_padding=\"0px||0px||false|false\" global_colors_info=\"{}\" theme_builder_area=\"post_content\"][et_pb_column type=\"4_4\" _builder_version=\"4.27.0\" _module_preset=\"default\" global_colors_info=\"{}\" theme_builder_area=\"post_content\"][et_pb_text _builder_version=\"4.27.0\" _module_preset=\"default\" hover_enabled=\"0\" global_colors_info=\"{}\" theme_builder_area=\"post_content\" sticky_enabled=\"0\"]<p>\u00a0<\/p>\r\n<h2>Il progetto della riqualificazione del Parco Santacroce Carpi<\/h2>\r\n<blockquote>\r\n<p>Ma chi ha effettivamente eseguito i disegni esecutivi del progetto e seguito i lavori di costruzione?<\/p>\r\n<\/blockquote>\r\n<p>Si \u00e8 occupato dei disegni esecutivi e della direzione dei lavori lo Studio Rocco Giardini di Brescia, specializzato nella progettazione paesaggistica di spazi verdi privati e ad uso collettivo da molto tempo.<\/p>\r\n<p><strong>Lasciamo, ringraziandoli, che sia la Rocco Srl stessa a parlarci del loro fondamentale contributo al lavoro:<\/strong><\/p>\r\n<p><em>Partendo da un progetto di massima, realizzato da Vivai Mati in collaborazione con la Dott.ssa Zaffignani ed approvato dalla Fondazione CRC, il nostro Studio si \u00e8 occupato di renderlo esecutivo. <\/em><\/p>\r\n<p><strong><em>Per fare questo, dopo diversi sopralluoghi e rilievi fotografici \u00e8 stato necessario uno <\/em><em>studio approfondito dei flussi e del posizionamento delle varie strutture previste all\u2019interno del Parco quali chioschi, teatro di verzura, orto-frutteto ed aree didattiche, aree di parcheggio, il tutto nel rispetto delle alberature esistenti gi\u00e0 ben sviluppate. <\/em><\/strong><\/p>\r\n<p><em>Il progetto esecutivo \u00e8 nato da una sinergia di professionisti, paesaggisti, agronomi, architetti, scenografi ed ingegneri del nostro staff che oltre alla progettazione del verde hanno seguito la parte impiantistica, dall\u2019irrigazione ed illuminazione allo studio dei materiali per le pavimentazioni naturali e drenanti, entrando in un livello di dettaglio molto accurato. <\/em><\/p>\r\n<p><em>In fase progettuale sono stati adottati alcuni accorgimenti per preservare e promuovere la biodiversit\u00e0, quali l\u2019inserimento di aree umide ai lati del canale irriguo ed il mantenimento di ampi spazi a prato rustico fiorito non sfalciate. <\/em><\/p>\r\n<p>\u00a0<\/p>\r\n<h2>La realizzazione dei lavori di riqualificazione del Parco<\/h2>\r\n<p><strong><em>La prima fase realizzativa del Parco Santacroce, in attesa della conclusione dell\u2019iter autorizzativo per il cambio di destinazione d\u2019uso del terreno, si \u00e8 concentrata sulla messa a dimora di piante ed arbusti. <\/em><\/strong><\/p>\r\n<p><em>Per questo primo step di lavoro abbiamo scelto accuratamente le piante in vivaio, utilizzando solo alberature in vaso e di specie autoctone. <\/em><\/p>\r\n<p><em>Durante le fasi di cantiere, con la collaborazione di topografi specializzati, abbiamo tracciato sul campo tutto il progetto esecutivo realizzato, dai percorsi al posizionamento delle strutture e delle piante principali. <\/em><\/p>\r\n<p><em>In seguito abbiamo seguito tutte le fasi della messa a dimora; per ogni area di intervento sono state valutate in fase di scavo le caratteristiche del terreno e gli eventuali accorgimenti per migliorare il sito d\u2019impianto, al fine di assicurare alle piante le condizioni di vita ottimali. I nostri tecnici si sono occupati anche della rilevazione dei dati biometrici di ogni singola pianta, poi raccolti in un database fornito al CNR per gli studi sull\u2019assorbimento dell\u2019anidride carbonica.<\/em><\/p>[\/et_pb_text][\/et_pb_column][\/et_pb_row][\/et_pb_section][et_pb_section fb_built=\"1\" admin_label=\"Masonry (100%)\" _builder_version=\"4.27.0\" custom_padding=\"0px||0px||false|false\" locked=\"off\" collapsed=\"off\" global_colors_info=\"{}\" theme_builder_area=\"post_content\"][et_pb_row make_equal=\"on\" admin_label=\"Riga\" _builder_version=\"4.27.0\" background_size=\"initial\" background_position=\"top_left\" background_repeat=\"repeat\" width=\"100%\" custom_padding=\"0px||0px||false|false\" global_colors_info=\"{}\" theme_builder_area=\"post_content\"][et_pb_column type=\"4_4\" _builder_version=\"4.16\" custom_padding=\"|||\" global_colors_info=\"{}\" custom_padding__hover=\"|||\" theme_builder_area=\"post_content\"][dmg_masonry_gallery gallery=\"3952,3946,3958,3948\" columns=\"2\" gutter=\"20\" images_size=\"dmg_image_extra_large\" modal_title=\"on\" hover_overlay_effect=\"overlay_image_data\" hover_overlay_color=\"#0d321a\" overlay_title_size=\"14px\" show_overlay_caption=\"off\" overlay_content_animation=\"dmg-visible-bottom\" _builder_version=\"4.27.0\" _module_preset=\"default\" title_text_align=\"left\" hover_enabled=\"0\" global_colors_info=\"{}\" theme_builder_area=\"post_content\" sticky_enabled=\"0\"][\/dmg_masonry_gallery][\/et_pb_column][\/et_pb_row][\/et_pb_section][et_pb_section fb_built=\"1\" admin_label=\"Consiglio MDG\" _builder_version=\"4.27.0\" _module_preset=\"default\" custom_margin=\"30px||20px||false|false\" custom_padding=\"10px|20px|20px|20px|false|true\" border_radii=\"on|15px|15px|15px|15px\" border_width_all=\"4px\" border_color_all=\"#d5de75\" global_colors_info=\"{}\" theme_builder_area=\"post_content\"][et_pb_row _builder_version=\"4.27.0\" _module_preset=\"default\" width=\"100%\" custom_padding=\"0px||0px||false|false\" global_colors_info=\"{}\" theme_builder_area=\"post_content\"][et_pb_column type=\"4_4\" _builder_version=\"4.27.0\" _module_preset=\"default\" global_colors_info=\"{}\" theme_builder_area=\"post_content\"][et_pb_text _builder_version=\"4.27.0\" _module_preset=\"default\" hover_enabled=\"0\" global_colors_info=\"{}\" theme_builder_area=\"post_content\" sticky_enabled=\"0\"]<h1>Il consiglio del mondo del giardino<\/h1>\r\n<p><strong>Se desiderate approfondire il discorso dei Community Garden trovate molto materiale in rete e potete informarvi dal vostro Comune su quali sono le sue politiche in merito e (perch\u00e9 no) i professionisti del verde potrebbero anche proporre al Comune delle soluzioni.<\/strong><\/p>[\/et_pb_text][\/et_pb_column][\/et_pb_row][\/et_pb_section][et_pb_section fb_built=\"1\" admin_label=\"Testo (100%)\" _builder_version=\"4.27.0\" _module_preset=\"default\" hover_enabled=\"0\" global_colors_info=\"{}\" theme_builder_area=\"post_content\" sticky_enabled=\"0\"][et_pb_row _builder_version=\"4.27.0\" _module_preset=\"default\" width=\"100%\" custom_padding=\"0px||0px||false|false\" global_colors_info=\"{}\" theme_builder_area=\"post_content\"][et_pb_column type=\"4_4\" _builder_version=\"4.27.0\" _module_preset=\"default\" global_colors_info=\"{}\" theme_builder_area=\"post_content\"][et_pb_text _builder_version=\"4.27.0\" _module_preset=\"default\" hover_enabled=\"0\" global_colors_info=\"{}\" theme_builder_area=\"post_content\" sticky_enabled=\"0\"]<p>Ora a cavallo! Il lavoro ci aspetta! Il nostro nuovo meraviglioso spazio esterno sta per nascere!<\/p>\r\n<p>BUON LAVORO e\u2026se avete domande scrivete pure a <a href=\"mailto:info@mondodelgiardino.com\">info@mondodelgiardino.com<\/a><\/p>\r\n<p>Fonti delle immagini: la prima foto \u00e8 presa da google maps; la planimetria del parco dall\u2019alto \u00e8 presa da modenatoday.it; le immagini del progetto sono prese da temponews.it;<\/p>[\/et_pb_text][\/et_pb_column][\/et_pb_row][\/et_pb_section]","_et_gb_content_width":"","footnotes":""},"categories":[37],"tags":[529,527,507,506,525,528,530,501,526],"class_list":["post-3965","post","type-post","status-publish","format-standard","has-post-thumbnail","hentry","category-conferences","tag-carpi-foundation","tag-city-parks","tag-landscapers","tag-landscaping","tag-masters-of-the-landscape","tag-peri-urban-greenery","tag-social-commitment","tag-urban-greenery","tag-urban-park"],"yoast_head":"<!-- This site is optimized with the Yoast SEO plugin v26.2 - https:\/\/yoast.com\/wordpress\/plugins\/seo\/ -->\n<title>Masters of Landscape - Carpi Foundation<\/title>\n<meta name=\"description\" content=\"At the Masters of Landscape - Carpi Foundation we talked about the redevelopment project of the Santa Croce periurban park in Carpi.\" \/>\n<meta name=\"robots\" content=\"index, follow, max-snippet:-1, max-image-preview:large, max-video-preview:-1\" \/>\n<link rel=\"canonical\" href=\"https:\/\/mondodelgiardino.com\/en\/masters-of-landscape-carpi-foundation\/\" \/>\n<meta property=\"og:locale\" content=\"en_US\" \/>\n<meta property=\"og:type\" content=\"article\" \/>\n<meta property=\"og:title\" content=\"Masters of Landscape - Carpi Foundation\" \/>\n<meta property=\"og:description\" content=\"At the Masters of Landscape - Carpi Foundation we talked about the redevelopment project of the Santa Croce periurban park in Carpi.\" \/>\n<meta property=\"og:url\" content=\"https:\/\/mondodelgiardino.com\/en\/masters-of-landscape-carpi-foundation\/\" \/>\n<meta property=\"og:site_name\" content=\"Mondo del Giardino\" \/>\n<meta property=\"article:publisher\" content=\"https:\/\/www.facebook.com\/mondodelgiardino\" \/>\n<meta property=\"article:published_time\" content=\"2022-10-31T07:13:36+00:00\" \/>\n<meta property=\"article:modified_time\" content=\"2025-06-12T09:27:36+00:00\" \/>\n<meta property=\"og:image\" content=\"https:\/\/mondodelgiardino.com\/wp-content\/uploads\/2024\/09\/orti-didattici_temponewsit_web.jpg\" \/>\n\t<meta property=\"og:image:width\" content=\"1200\" \/>\n\t<meta property=\"og:image:height\" content=\"557\" \/>\n\t<meta property=\"og:image:type\" content=\"image\/jpeg\" \/>\n<meta name=\"author\" content=\"admin\" \/>\n<meta name=\"twitter:card\" content=\"summary_large_image\" \/>\n<meta name=\"twitter:label1\" content=\"Written by\" \/>\n\t<meta name=\"twitter:data1\" content=\"admin\" \/>\n\t<meta name=\"twitter:label2\" content=\"Est. reading time\" \/>\n\t<meta name=\"twitter:data2\" content=\"10 minutes\" \/>\n<script type=\"application\/ld+json\" class=\"yoast-schema-graph\">{\"@context\":\"https:\/\/schema.org\",\"@graph\":[{\"@type\":\"Article\",\"@id\":\"https:\/\/mondodelgiardino.com\/en\/masters-of-landscape-carpi-foundation\/#article\",\"isPartOf\":{\"@id\":\"https:\/\/mondodelgiardino.com\/en\/masters-of-landscape-carpi-foundation\/\"},\"author\":{\"name\":\"admin\",\"@id\":\"https:\/\/mondodelgiardino.com\/en\/#\/schema\/person\/59fa8845bd0c10f5cfb08a435f1e4d23\"},\"headline\":\"Masters of Landscape &#8211; Foundation Carpi\",\"datePublished\":\"2022-10-31T07:13:36+00:00\",\"dateModified\":\"2025-06-12T09:27:36+00:00\",\"mainEntityOfPage\":{\"@id\":\"https:\/\/mondodelgiardino.com\/en\/masters-of-landscape-carpi-foundation\/\"},\"wordCount\":2546,\"publisher\":{\"@id\":\"https:\/\/mondodelgiardino.com\/en\/#organization\"},\"image\":{\"@id\":\"https:\/\/mondodelgiardino.com\/en\/masters-of-landscape-carpi-foundation\/#primaryimage\"},\"thumbnailUrl\":\"https:\/\/mondodelgiardino.com\/wp-content\/uploads\/2024\/09\/orti-didattici_temponewsit_web.jpg\",\"keywords\":[\"Carpi foundation\",\"city parks\",\"landscapers\",\"landscaping\",\"Masters of the Landscape\",\"peri-urban greenery\",\"social commitment\",\"urban greenery\",\"Urban park\"],\"articleSection\":[\"Conferences\"],\"inLanguage\":\"en-US\"},{\"@type\":\"WebPage\",\"@id\":\"https:\/\/mondodelgiardino.com\/en\/masters-of-landscape-carpi-foundation\/\",\"url\":\"https:\/\/mondodelgiardino.com\/en\/masters-of-landscape-carpi-foundation\/\",\"name\":\"Masters of Landscape - Carpi Foundation\",\"isPartOf\":{\"@id\":\"https:\/\/mondodelgiardino.com\/en\/#website\"},\"primaryImageOfPage\":{\"@id\":\"https:\/\/mondodelgiardino.com\/en\/masters-of-landscape-carpi-foundation\/#primaryimage\"},\"image\":{\"@id\":\"https:\/\/mondodelgiardino.com\/en\/masters-of-landscape-carpi-foundation\/#primaryimage\"},\"thumbnailUrl\":\"https:\/\/mondodelgiardino.com\/wp-content\/uploads\/2024\/09\/orti-didattici_temponewsit_web.jpg\",\"datePublished\":\"2022-10-31T07:13:36+00:00\",\"dateModified\":\"2025-06-12T09:27:36+00:00\",\"description\":\"At the Masters of Landscape - Carpi Foundation we talked about the redevelopment project of the Santa Croce periurban park in Carpi.\",\"breadcrumb\":{\"@id\":\"https:\/\/mondodelgiardino.com\/en\/masters-of-landscape-carpi-foundation\/#breadcrumb\"},\"inLanguage\":\"en-US\",\"potentialAction\":[{\"@type\":\"ReadAction\",\"target\":[\"https:\/\/mondodelgiardino.com\/en\/masters-of-landscape-carpi-foundation\/\"]}]},{\"@type\":\"ImageObject\",\"inLanguage\":\"en-US\",\"@id\":\"https:\/\/mondodelgiardino.com\/en\/masters-of-landscape-carpi-foundation\/#primaryimage\",\"url\":\"https:\/\/mondodelgiardino.com\/wp-content\/uploads\/2024\/09\/orti-didattici_temponewsit_web.jpg\",\"contentUrl\":\"https:\/\/mondodelgiardino.com\/wp-content\/uploads\/2024\/09\/orti-didattici_temponewsit_web.jpg\",\"width\":1200,\"height\":557,\"caption\":\"mondo-del-giardino fondazione carpi\"},{\"@type\":\"BreadcrumbList\",\"@id\":\"https:\/\/mondodelgiardino.com\/en\/masters-of-landscape-carpi-foundation\/#breadcrumb\",\"itemListElement\":[{\"@type\":\"ListItem\",\"position\":1,\"name\":\"Home\",\"item\":\"https:\/\/mondodelgiardino.com\/en\/\"},{\"@type\":\"ListItem\",\"position\":2,\"name\":\"Masters of Landscape &#8211; Foundation Carpi\"}]},{\"@type\":\"WebSite\",\"@id\":\"https:\/\/mondodelgiardino.com\/en\/#website\",\"url\":\"https:\/\/mondodelgiardino.com\/en\/\",\"name\":\"Mondo del Giardino\",\"description\":\"Cultura del verde\",\"publisher\":{\"@id\":\"https:\/\/mondodelgiardino.com\/en\/#organization\"},\"alternateName\":\"Mondo del Giardino\",\"potentialAction\":[{\"@type\":\"SearchAction\",\"target\":{\"@type\":\"EntryPoint\",\"urlTemplate\":\"https:\/\/mondodelgiardino.com\/en\/?s={search_term_string}\"},\"query-input\":{\"@type\":\"PropertyValueSpecification\",\"valueRequired\":true,\"valueName\":\"search_term_string\"}}],\"inLanguage\":\"en-US\"},{\"@type\":\"Organization\",\"@id\":\"https:\/\/mondodelgiardino.com\/en\/#organization\",\"name\":\"Mondo del Giardino\",\"alternateName\":\"Mondo del Giardino\",\"url\":\"https:\/\/mondodelgiardino.com\/en\/\",\"logo\":{\"@type\":\"ImageObject\",\"inLanguage\":\"en-US\",\"@id\":\"https:\/\/mondodelgiardino.com\/en\/#\/schema\/logo\/image\/\",\"url\":\"https:\/\/mondodelgiardino.com\/wp-content\/uploads\/2024\/07\/Logo-mondo-del-giardino-cultura-del-verde.png\",\"contentUrl\":\"https:\/\/mondodelgiardino.com\/wp-content\/uploads\/2024\/07\/Logo-mondo-del-giardino-cultura-del-verde.png\",\"width\":466,\"height\":366,\"caption\":\"Mondo del Giardino\"},\"image\":{\"@id\":\"https:\/\/mondodelgiardino.com\/en\/#\/schema\/logo\/image\/\"},\"sameAs\":[\"https:\/\/www.facebook.com\/mondodelgiardino\",\"https:\/\/www.instagram.com\/mondodelgiardino\/\",\"https:\/\/www.linkedin.com\/company\/mondo-del-giardino\/\",\"https:\/\/www.youtube.com\/@mondodelgiardinopuntocom\"]},{\"@type\":\"Person\",\"@id\":\"https:\/\/mondodelgiardino.com\/en\/#\/schema\/person\/59fa8845bd0c10f5cfb08a435f1e4d23\",\"name\":\"admin\",\"image\":{\"@type\":\"ImageObject\",\"inLanguage\":\"en-US\",\"@id\":\"https:\/\/mondodelgiardino.com\/en\/#\/schema\/person\/image\/\",\"url\":\"https:\/\/secure.gravatar.com\/avatar\/ca7d6dc7bbdc98d3214c49983f483695e2d0543754ca5ff1eb90cfdf66a96959?s=96&d=mm&r=g\",\"contentUrl\":\"https:\/\/secure.gravatar.com\/avatar\/ca7d6dc7bbdc98d3214c49983f483695e2d0543754ca5ff1eb90cfdf66a96959?s=96&d=mm&r=g\",\"caption\":\"admin\"},\"sameAs\":[\"https:\/\/mondodelgiardino.com\"]}]}<\/script>\n<!-- \/ Yoast SEO plugin. -->","yoast_head_json":{"title":"Masters of Landscape - Carpi Foundation","description":"At the Masters of Landscape - Carpi Foundation we talked about the redevelopment project of the Santa Croce periurban park in Carpi.","robots":{"index":"index","follow":"follow","max-snippet":"max-snippet:-1","max-image-preview":"max-image-preview:large","max-video-preview":"max-video-preview:-1"},"canonical":"https:\/\/mondodelgiardino.com\/en\/masters-of-landscape-carpi-foundation\/","og_locale":"en_US","og_type":"article","og_title":"Masters of Landscape - Carpi Foundation","og_description":"At the Masters of Landscape - Carpi Foundation we talked about the redevelopment project of the Santa Croce periurban park in Carpi.","og_url":"https:\/\/mondodelgiardino.com\/en\/masters-of-landscape-carpi-foundation\/","og_site_name":"Mondo del Giardino","article_publisher":"https:\/\/www.facebook.com\/mondodelgiardino","article_published_time":"2022-10-31T07:13:36+00:00","article_modified_time":"2025-06-12T09:27:36+00:00","og_image":[{"width":1200,"height":557,"url":"https:\/\/mondodelgiardino.com\/wp-content\/uploads\/2024\/09\/orti-didattici_temponewsit_web.jpg","type":"image\/jpeg"}],"author":"admin","twitter_card":"summary_large_image","twitter_misc":{"Written by":"admin","Est. reading time":"10 minutes"},"schema":{"@context":"https:\/\/schema.org","@graph":[{"@type":"Article","@id":"https:\/\/mondodelgiardino.com\/en\/masters-of-landscape-carpi-foundation\/#article","isPartOf":{"@id":"https:\/\/mondodelgiardino.com\/en\/masters-of-landscape-carpi-foundation\/"},"author":{"name":"admin","@id":"https:\/\/mondodelgiardino.com\/en\/#\/schema\/person\/59fa8845bd0c10f5cfb08a435f1e4d23"},"headline":"Masters of Landscape &#8211; Foundation Carpi","datePublished":"2022-10-31T07:13:36+00:00","dateModified":"2025-06-12T09:27:36+00:00","mainEntityOfPage":{"@id":"https:\/\/mondodelgiardino.com\/en\/masters-of-landscape-carpi-foundation\/"},"wordCount":2546,"publisher":{"@id":"https:\/\/mondodelgiardino.com\/en\/#organization"},"image":{"@id":"https:\/\/mondodelgiardino.com\/en\/masters-of-landscape-carpi-foundation\/#primaryimage"},"thumbnailUrl":"https:\/\/mondodelgiardino.com\/wp-content\/uploads\/2024\/09\/orti-didattici_temponewsit_web.jpg","keywords":["Carpi foundation","city parks","landscapers","landscaping","Masters of the Landscape","peri-urban greenery","social commitment","urban greenery","Urban park"],"articleSection":["Conferences"],"inLanguage":"en-US"},{"@type":"WebPage","@id":"https:\/\/mondodelgiardino.com\/en\/masters-of-landscape-carpi-foundation\/","url":"https:\/\/mondodelgiardino.com\/en\/masters-of-landscape-carpi-foundation\/","name":"Masters of Landscape - Carpi Foundation","isPartOf":{"@id":"https:\/\/mondodelgiardino.com\/en\/#website"},"primaryImageOfPage":{"@id":"https:\/\/mondodelgiardino.com\/en\/masters-of-landscape-carpi-foundation\/#primaryimage"},"image":{"@id":"https:\/\/mondodelgiardino.com\/en\/masters-of-landscape-carpi-foundation\/#primaryimage"},"thumbnailUrl":"https:\/\/mondodelgiardino.com\/wp-content\/uploads\/2024\/09\/orti-didattici_temponewsit_web.jpg","datePublished":"2022-10-31T07:13:36+00:00","dateModified":"2025-06-12T09:27:36+00:00","description":"At the Masters of Landscape - Carpi Foundation we talked about the redevelopment project of the Santa Croce periurban park in Carpi.","breadcrumb":{"@id":"https:\/\/mondodelgiardino.com\/en\/masters-of-landscape-carpi-foundation\/#breadcrumb"},"inLanguage":"en-US","potentialAction":[{"@type":"ReadAction","target":["https:\/\/mondodelgiardino.com\/en\/masters-of-landscape-carpi-foundation\/"]}]},{"@type":"ImageObject","inLanguage":"en-US","@id":"https:\/\/mondodelgiardino.com\/en\/masters-of-landscape-carpi-foundation\/#primaryimage","url":"https:\/\/mondodelgiardino.com\/wp-content\/uploads\/2024\/09\/orti-didattici_temponewsit_web.jpg","contentUrl":"https:\/\/mondodelgiardino.com\/wp-content\/uploads\/2024\/09\/orti-didattici_temponewsit_web.jpg","width":1200,"height":557,"caption":"mondo-del-giardino fondazione carpi"},{"@type":"BreadcrumbList","@id":"https:\/\/mondodelgiardino.com\/en\/masters-of-landscape-carpi-foundation\/#breadcrumb","itemListElement":[{"@type":"ListItem","position":1,"name":"Home","item":"https:\/\/mondodelgiardino.com\/en\/"},{"@type":"ListItem","position":2,"name":"Masters of Landscape &#8211; Foundation Carpi"}]},{"@type":"WebSite","@id":"https:\/\/mondodelgiardino.com\/en\/#website","url":"https:\/\/mondodelgiardino.com\/en\/","name":"Mondo del Giardino","description":"Cultura del verde","publisher":{"@id":"https:\/\/mondodelgiardino.com\/en\/#organization"},"alternateName":"Mondo del Giardino","potentialAction":[{"@type":"SearchAction","target":{"@type":"EntryPoint","urlTemplate":"https:\/\/mondodelgiardino.com\/en\/?s={search_term_string}"},"query-input":{"@type":"PropertyValueSpecification","valueRequired":true,"valueName":"search_term_string"}}],"inLanguage":"en-US"},{"@type":"Organization","@id":"https:\/\/mondodelgiardino.com\/en\/#organization","name":"Mondo del Giardino","alternateName":"Mondo del Giardino","url":"https:\/\/mondodelgiardino.com\/en\/","logo":{"@type":"ImageObject","inLanguage":"en-US","@id":"https:\/\/mondodelgiardino.com\/en\/#\/schema\/logo\/image\/","url":"https:\/\/mondodelgiardino.com\/wp-content\/uploads\/2024\/07\/Logo-mondo-del-giardino-cultura-del-verde.png","contentUrl":"https:\/\/mondodelgiardino.com\/wp-content\/uploads\/2024\/07\/Logo-mondo-del-giardino-cultura-del-verde.png","width":466,"height":366,"caption":"Mondo del Giardino"},"image":{"@id":"https:\/\/mondodelgiardino.com\/en\/#\/schema\/logo\/image\/"},"sameAs":["https:\/\/www.facebook.com\/mondodelgiardino","https:\/\/www.instagram.com\/mondodelgiardino\/","https:\/\/www.linkedin.com\/company\/mondo-del-giardino\/","https:\/\/www.youtube.com\/@mondodelgiardinopuntocom"]},{"@type":"Person","@id":"https:\/\/mondodelgiardino.com\/en\/#\/schema\/person\/59fa8845bd0c10f5cfb08a435f1e4d23","name":"admin","image":{"@type":"ImageObject","inLanguage":"en-US","@id":"https:\/\/mondodelgiardino.com\/en\/#\/schema\/person\/image\/","url":"https:\/\/secure.gravatar.com\/avatar\/ca7d6dc7bbdc98d3214c49983f483695e2d0543754ca5ff1eb90cfdf66a96959?s=96&d=mm&r=g","contentUrl":"https:\/\/secure.gravatar.com\/avatar\/ca7d6dc7bbdc98d3214c49983f483695e2d0543754ca5ff1eb90cfdf66a96959?s=96&d=mm&r=g","caption":"admin"},"sameAs":["https:\/\/mondodelgiardino.com"]}]}},"_links":{"self":[{"href":"https:\/\/mondodelgiardino.com\/en\/wp-json\/wp\/v2\/posts\/3965","targetHints":{"allow":["GET"]}}],"collection":[{"href":"https:\/\/mondodelgiardino.com\/en\/wp-json\/wp\/v2\/posts"}],"about":[{"href":"https:\/\/mondodelgiardino.com\/en\/wp-json\/wp\/v2\/types\/post"}],"author":[{"embeddable":true,"href":"https:\/\/mondodelgiardino.com\/en\/wp-json\/wp\/v2\/users\/1"}],"replies":[{"embeddable":true,"href":"https:\/\/mondodelgiardino.com\/en\/wp-json\/wp\/v2\/comments?post=3965"}],"version-history":[{"count":8,"href":"https:\/\/mondodelgiardino.com\/en\/wp-json\/wp\/v2\/posts\/3965\/revisions"}],"predecessor-version":[{"id":11669,"href":"https:\/\/mondodelgiardino.com\/en\/wp-json\/wp\/v2\/posts\/3965\/revisions\/11669"}],"wp:featuredmedia":[{"embeddable":true,"href":"https:\/\/mondodelgiardino.com\/en\/wp-json\/wp\/v2\/media\/3945"}],"wp:attachment":[{"href":"https:\/\/mondodelgiardino.com\/en\/wp-json\/wp\/v2\/media?parent=3965"}],"wp:term":[{"taxonomy":"category","embeddable":true,"href":"https:\/\/mondodelgiardino.com\/en\/wp-json\/wp\/v2\/categories?post=3965"},{"taxonomy":"post_tag","embeddable":true,"href":"https:\/\/mondodelgiardino.com\/en\/wp-json\/wp\/v2\/tags?post=3965"}],"curies":[{"name":"wp","href":"https:\/\/api.w.org\/{rel}","templated":true}]}}