{"id":5183,"date":"2023-10-27T10:24:46","date_gmt":"2023-10-27T10:24:46","guid":{"rendered":"https:\/\/new.mondodelgiardino.com\/?p=5183"},"modified":"2025-06-18T09:03:55","modified_gmt":"2025-06-18T09:03:55","slug":"tales-of-an-orthotherapist","status":"publish","type":"post","link":"https:\/\/mondodelgiardino.com\/en\/tales-of-an-orthotherapist\/","title":{"rendered":"Tales of an Orthotherapist"},"content":{"rendered":"<p>[et_pb_section fb_built=&#8221;1&#8243; admin_label=&#8221;Testo (100%)&#8221; _builder_version=&#8221;4.27.0&#8243; _module_preset=&#8221;default&#8221; global_colors_info=&#8221;{}&#8221; theme_builder_area=&#8221;post_content&#8221;][et_pb_row _builder_version=&#8221;4.27.0&#8243; _module_preset=&#8221;default&#8221; width=&#8221;100%&#8221; custom_padding=&#8221;0px||0px||false|false&#8221; global_colors_info=&#8221;{}&#8221; theme_builder_area=&#8221;post_content&#8221;][et_pb_column type=&#8221;4_4&#8243; _builder_version=&#8221;4.27.0&#8243; _module_preset=&#8221;default&#8221; global_colors_info=&#8221;{}&#8221; theme_builder_area=&#8221;post_content&#8221;][et_pb_text _builder_version=&#8221;4.27.4&#8243; _module_preset=&#8221;default&#8221; hover_enabled=&#8221;0&#8243; global_colors_info=&#8221;{}&#8221; theme_builder_area=&#8221;post_content&#8221; sticky_enabled=&#8221;0&#8243;]<\/p>\n<h5 class=\"entry-title\">Milena Bellonotto, horticultural therapist, talks about the transformative power of contact with nature, especially among the elderly and children in difficulty. Through simple activities such as sowing or creating with leaves, emotions, memories and smiles are awakened. Horticultural therapy promotes physical, emotional and relational well-being. In contexts such as RSA and social farms, the garden becomes a tool for care, listening and rebirth, where growing plants means.<\/h5>\n<p>&nbsp;<\/p>\n<p>[\/et_pb_text][\/et_pb_column][\/et_pb_row][\/et_pb_section][et_pb_section fb_built=&#8221;1&#8243; admin_label=&#8221;Testo (100%)&#8221; _builder_version=&#8221;4.27.0&#8243; _module_preset=&#8221;default&#8221; global_colors_info=&#8221;{}&#8221;][et_pb_row _builder_version=&#8221;4.27.0&#8243; _module_preset=&#8221;default&#8221; width=&#8221;100%&#8221; custom_padding=&#8221;0px||0px||false|false&#8221; global_colors_info=&#8221;{}&#8221;][et_pb_column type=&#8221;4_4&#8243; _builder_version=&#8221;4.27.0&#8243; _module_preset=&#8221;default&#8221; global_colors_info=&#8221;{}&#8221;][et_pb_text _builder_version=&#8221;4.27.2&#8243; _module_preset=&#8221;default&#8221; global_colors_info=&#8221;{}&#8221;]<\/p>\n<h2><strong>In the Tales of an Orthotherapist <\/strong><\/h2>\n<h4><strong>like Milena Bellonotto there is everyday life but also the continuous surprise, which you see in the eyes of an elderly person who enjoys the pleasure of being in that much-desired company and those of a child who rediscovers the curiosity of life within himself. All this simply, if we want to simplify it that way, by putting our hands in the earth, cultivating a vegetable garden.<\/strong><\/h4>\n<h2><strong>The dimension of an Orthotherapist<\/strong><\/h2>\n<p>Walking through the vegetable patch and garden, I often observe my hands in the earth and perceive my own eyes full of Nature. I finally feel satisfied and at peace with myself thinking that I have spent most of my life in the city while now, thanks to this work, I experience a new dimension, in closer contact with Nature.<\/p>\n<p>I deal with transformative processes and support interventions for people through activities in the countryside or with elements of Nature, with the aim of facilitating their state of well-being from a physical, psychological and social point of view which is often an Achilles&#8217; heel when talking about elderly people in RSA or children from disadvantaged backgrounds, for whom the social relationship is often dysfunctional.<\/p>\n<p>[\/et_pb_text][\/et_pb_column][\/et_pb_row][\/et_pb_section][et_pb_section fb_built=&#8221;1&#8243; admin_label=&#8221;Immagine (100%)&#8221; _builder_version=&#8221;4.27.0&#8243; custom_padding=&#8221;0px||20px||false|false&#8221; collapsed=&#8221;off&#8221; global_colors_info=&#8221;{}&#8221;][et_pb_row admin_label=&#8221;Riga&#8221; _builder_version=&#8221;4.27.0&#8243; background_size=&#8221;initial&#8221; background_position=&#8221;top_left&#8221; background_repeat=&#8221;repeat&#8221; width=&#8221;100%&#8221; custom_padding=&#8221;0px||0px||false|false&#8221; global_colors_info=&#8221;{}&#8221;][et_pb_column type=&#8221;4_4&#8243; _builder_version=&#8221;4.16&#8243; custom_padding=&#8221;|||&#8221; global_colors_info=&#8221;{}&#8221; custom_padding__hover=&#8221;|||&#8221;][et_pb_image src=&#8221;https:\/\/mondodelgiardino.com\/wp-content\/uploads\/2024\/10\/9_orizzontale.jpg&#8221; title_text=&#8221;9_orizzontale&#8221; show_in_lightbox=&#8221;on&#8221; force_fullwidth=&#8221;on&#8221; _builder_version=&#8221;4.27.2&#8243; _module_preset=&#8221;default&#8221; global_colors_info=&#8221;{}&#8221;][\/et_pb_image][\/et_pb_column][\/et_pb_row][\/et_pb_section][et_pb_section fb_built=&#8221;1&#8243; admin_label=&#8221;Testo (100%)&#8221; _builder_version=&#8221;4.27.0&#8243; _module_preset=&#8221;default&#8221; global_colors_info=&#8221;{}&#8221;][et_pb_row _builder_version=&#8221;4.27.0&#8243; _module_preset=&#8221;default&#8221; width=&#8221;100%&#8221; custom_padding=&#8221;0px||0px||false|false&#8221; global_colors_info=&#8221;{}&#8221;][et_pb_column type=&#8221;4_4&#8243; _builder_version=&#8221;4.27.0&#8243; _module_preset=&#8221;default&#8221; global_colors_info=&#8221;{}&#8221;][et_pb_text _builder_version=&#8221;4.27.2&#8243; _module_preset=&#8221;default&#8221; global_colors_info=&#8221;{}&#8221;]<\/p>\n<h2><strong>Tales of an Orthotherapist &#8211; The first day at the retirement home<\/strong><\/h2>\n<p>The first day I arrived at the retirement home, to hold some horticultural therapy sessions, I had at my side &#8211; as an exceptional assistant &#8211; Natalina, 94 years old, quick, industrious, precise hands, used to sowing because you know, I I lived in the countryside.<\/p>\n<h2><strong>Natalina<\/strong><\/h2>\n<p>Despite her age, Natalina proved to be a precious help to her younger and less fortunate travel companions, who needed instructions and support, patience and encouragement, to fill the jars with soil to prepare for sowing.<\/p>\n<p>[\/et_pb_text][\/et_pb_column][\/et_pb_row][\/et_pb_section][et_pb_section fb_built=&#8221;1&#8243; admin_label=&#8221;Immagine (100%)&#8221; _builder_version=&#8221;4.27.0&#8243; custom_padding=&#8221;0px||20px||false|false&#8221; collapsed=&#8221;off&#8221; global_colors_info=&#8221;{}&#8221;][et_pb_row admin_label=&#8221;Riga&#8221; _builder_version=&#8221;4.27.0&#8243; background_size=&#8221;initial&#8221; background_position=&#8221;top_left&#8221; background_repeat=&#8221;repeat&#8221; width=&#8221;100%&#8221; custom_padding=&#8221;0px||0px||false|false&#8221; global_colors_info=&#8221;{}&#8221;][et_pb_column type=&#8221;4_4&#8243; _builder_version=&#8221;4.16&#8243; custom_padding=&#8221;|||&#8221; global_colors_info=&#8221;{}&#8221; custom_padding__hover=&#8221;|||&#8221;][et_pb_image src=&#8221;https:\/\/mondodelgiardino.com\/wp-content\/uploads\/2024\/10\/15_orizzontale.jpg&#8221; title_text=&#8221;15_orizzontale&#8221; show_in_lightbox=&#8221;on&#8221; force_fullwidth=&#8221;on&#8221; _builder_version=&#8221;4.27.2&#8243; _module_preset=&#8221;default&#8221; global_colors_info=&#8221;{}&#8221;][\/et_pb_image][\/et_pb_column][\/et_pb_row][\/et_pb_section][et_pb_section fb_built=&#8221;1&#8243; admin_label=&#8221;Testo (100%)&#8221; _builder_version=&#8221;4.27.0&#8243; _module_preset=&#8221;default&#8221; global_colors_info=&#8221;{}&#8221;][et_pb_row _builder_version=&#8221;4.27.0&#8243; _module_preset=&#8221;default&#8221; width=&#8221;100%&#8221; custom_padding=&#8221;0px||0px||false|false&#8221; global_colors_info=&#8221;{}&#8221;][et_pb_column type=&#8221;4_4&#8243; _builder_version=&#8221;4.27.0&#8243; _module_preset=&#8221;default&#8221; global_colors_info=&#8221;{}&#8221;][et_pb_text _builder_version=&#8221;4.27.2&#8243; _module_preset=&#8221;default&#8221; global_colors_info=&#8221;{}&#8221;]<\/p>\n<p>&nbsp;<\/p>\n<h3><strong>Strength in the hands<\/strong><\/h3>\n<p>Little by little I got to know stories and names, like Rita, a concentration of sweetness and attention for everyone. But I have no strength in my hands! And I can&#8217;t see! But will I know how to glue? It seemed difficult and then&#8230; Click! Memories that light up, knowledge that resurfaces, eyes that light up, hands that approach and select, experiment, compose, following the thread of intuition and creativity.<\/p>\n<p>A black card helps to make the colors and shapes of the dried leaves more evident and magically everything changes.&nbsp;<\/p>\n<h3><strong>Tales of an orthotherapist &#8211; Let&#8217;s make a bookmark<\/strong><\/h3>\n<p>Natalina, who only wanted to help, finally shyly asks me to make a bookmark. Can I make one too? You know, for my niece, so she&#8217;ll have a memory of me! It&#8217;s nice to witness the awakening of voices emerging from torpor and see faces light up: Shall we do another one? I choose the chestnut leaf!<\/p>\n<p>Convinced by so much chatter, even Martino, silent and hesitant up to that point, intervenes: Will you write my name too? And Natalina, maniacal, scolds me with her attitude: Be careful not to fold! And then Carla, Rita, Domenica: I&#8217;ll use it when I read the newspaper so I don&#8217;t miss the mark. They&#8217;re beautiful, what a great job!&nbsp; Thank you!<\/p>\n<p>[\/et_pb_text][\/et_pb_column][\/et_pb_row][\/et_pb_section][et_pb_section fb_built=&#8221;1&#8243; admin_label=&#8221;Immagine (100%)&#8221; _builder_version=&#8221;4.27.0&#8243; custom_padding=&#8221;0px||20px||false|false&#8221; collapsed=&#8221;off&#8221; global_colors_info=&#8221;{}&#8221;][et_pb_row admin_label=&#8221;Riga&#8221; _builder_version=&#8221;4.27.0&#8243; background_size=&#8221;initial&#8221; background_position=&#8221;top_left&#8221; background_repeat=&#8221;repeat&#8221; width=&#8221;100%&#8221; custom_padding=&#8221;0px||0px||false|false&#8221; global_colors_info=&#8221;{}&#8221;][et_pb_column type=&#8221;4_4&#8243; _builder_version=&#8221;4.16&#8243; custom_padding=&#8221;|||&#8221; global_colors_info=&#8221;{}&#8221; custom_padding__hover=&#8221;|||&#8221;][et_pb_image src=&#8221;https:\/\/mondodelgiardino.com\/wp-content\/uploads\/2024\/10\/8_orizzontale.jpg&#8221; title_text=&#8221;8_orizzontale&#8221; show_in_lightbox=&#8221;on&#8221; force_fullwidth=&#8221;on&#8221; _builder_version=&#8221;4.27.2&#8243; _module_preset=&#8221;default&#8221; global_colors_info=&#8221;{}&#8221;][\/et_pb_image][\/et_pb_column][\/et_pb_row][\/et_pb_section][et_pb_section fb_built=&#8221;1&#8243; admin_label=&#8221;Testo (100%)&#8221; _builder_version=&#8221;4.27.0&#8243; _module_preset=&#8221;default&#8221; global_colors_info=&#8221;{}&#8221;][et_pb_row _builder_version=&#8221;4.27.0&#8243; _module_preset=&#8221;default&#8221; width=&#8221;100%&#8221; custom_padding=&#8221;0px||0px||false|false&#8221; global_colors_info=&#8221;{}&#8221;][et_pb_column type=&#8221;4_4&#8243; _builder_version=&#8221;4.27.0&#8243; _module_preset=&#8221;default&#8221; global_colors_info=&#8221;{}&#8221;][et_pb_text _builder_version=&#8221;4.27.2&#8243; _module_preset=&#8221;default&#8221; global_colors_info=&#8221;{}&#8221;]<\/p>\n<h3><strong>While we sow, let&#8217;s talk&#8230;<\/strong><\/h3>\n<p>The elderly have entire worlds to tell, lives full of joys and sorrows that they willingly share by observing and manipulating brightly colored leaves or sowing flowers: an activity common to many of them in their youth.<\/p>\n<h3><strong>\u2026and we smile<\/strong><\/h3>\n<p>I brought them some seeds, some plant elements and some reading aloud. They gave me all the beauty and complexity of lives and gestures snatched from oblivion thanks to the tactile and visual memory which, in some cases, reactivated, unfortunately for a short time, the smile muscles.<\/p>\n<p>[\/et_pb_text][\/et_pb_column][\/et_pb_row][\/et_pb_section][et_pb_section fb_built=&#8221;1&#8243; admin_label=&#8221;Immagine (100%)&#8221; _builder_version=&#8221;4.27.0&#8243; custom_padding=&#8221;0px||20px||false|false&#8221; collapsed=&#8221;off&#8221; global_colors_info=&#8221;{}&#8221;][et_pb_row admin_label=&#8221;Riga&#8221; _builder_version=&#8221;4.27.0&#8243; background_size=&#8221;initial&#8221; background_position=&#8221;top_left&#8221; background_repeat=&#8221;repeat&#8221; width=&#8221;100%&#8221; custom_padding=&#8221;0px||0px||false|false&#8221; global_colors_info=&#8221;{}&#8221;][et_pb_column type=&#8221;4_4&#8243; _builder_version=&#8221;4.16&#8243; custom_padding=&#8221;|||&#8221; global_colors_info=&#8221;{}&#8221; custom_padding__hover=&#8221;|||&#8221;][et_pb_image src=&#8221;https:\/\/mondodelgiardino.com\/wp-content\/uploads\/2024\/10\/6_orizzontale.jpg&#8221; title_text=&#8221;6_orizzontale&#8221; show_in_lightbox=&#8221;on&#8221; force_fullwidth=&#8221;on&#8221; _builder_version=&#8221;4.27.2&#8243; _module_preset=&#8221;default&#8221; global_colors_info=&#8221;{}&#8221;][\/et_pb_image][\/et_pb_column][\/et_pb_row][\/et_pb_section][et_pb_section fb_built=&#8221;1&#8243; admin_label=&#8221;Testo (100%)&#8221; _builder_version=&#8221;4.27.0&#8243; _module_preset=&#8221;default&#8221; global_colors_info=&#8221;{}&#8221;][et_pb_row _builder_version=&#8221;4.27.0&#8243; _module_preset=&#8221;default&#8221; width=&#8221;100%&#8221; custom_padding=&#8221;0px||0px||false|false&#8221; global_colors_info=&#8221;{}&#8221;][et_pb_column type=&#8221;4_4&#8243; _builder_version=&#8221;4.27.0&#8243; _module_preset=&#8221;default&#8221; global_colors_info=&#8221;{}&#8221;][et_pb_text _builder_version=&#8221;4.27.2&#8243; _module_preset=&#8221;default&#8221; global_colors_info=&#8221;{}&#8221;]<\/p>\n<h2><strong>Tales of an Orthotherapist &#8211; Changes in perspective<\/strong><\/h2>\n<p>Vegetable elements, colors and scents are nourishment that I use like the Story and Illustration as expressive forms of support and reflection. In this way, we too learn that points of view and changes in perspective are necessary: \u200b\u200bin life, at work, in a relationship.<\/p>\n<h3><strong>Taking care of a plant, taking care of yourself<\/strong><\/h3>\n<p>About a year ago I started a journey with children and pre-adolescents from socially disadvantaged situations. Nothing is obvious or simple: We Orthotherapists are a window onto another world, onto a different possibility of &#8216;being&#8217; that they don&#8217;t always grasp or understand. The path ensures that the concept of &#8220;taking care&#8221; of a plant, a seed or a flower becomes, by osmosis, taking care of oneself and one&#8217;s unexpressed potential, learning to love and love oneself through Nature.<\/p>\n<p>Their ways are sometimes crude, rude, provocative; but their creativity is powerful: Do you want to put a card for mum made with the leaves chosen by me?<\/p>\n<p>[\/et_pb_text][\/et_pb_column][\/et_pb_row][\/et_pb_section][et_pb_section fb_built=&#8221;1&#8243; admin_label=&#8221;Immagine (100%)&#8221; _builder_version=&#8221;4.27.0&#8243; custom_padding=&#8221;0px||20px||false|false&#8221; collapsed=&#8221;off&#8221; global_colors_info=&#8221;{}&#8221;][et_pb_row admin_label=&#8221;Riga&#8221; _builder_version=&#8221;4.27.0&#8243; background_size=&#8221;initial&#8221; background_position=&#8221;top_left&#8221; background_repeat=&#8221;repeat&#8221; width=&#8221;100%&#8221; custom_padding=&#8221;0px||0px||false|false&#8221; global_colors_info=&#8221;{}&#8221;][et_pb_column type=&#8221;4_4&#8243; _builder_version=&#8221;4.16&#8243; custom_padding=&#8221;|||&#8221; global_colors_info=&#8221;{}&#8221; custom_padding__hover=&#8221;|||&#8221;][et_pb_image src=&#8221;https:\/\/mondodelgiardino.com\/wp-content\/uploads\/2024\/10\/010_orizzontale.jpg&#8221; title_text=&#8221;010_orizzontale&#8221; show_in_lightbox=&#8221;on&#8221; force_fullwidth=&#8221;on&#8221; _builder_version=&#8221;4.27.2&#8243; _module_preset=&#8221;default&#8221; global_colors_info=&#8221;{}&#8221;][\/et_pb_image][\/et_pb_column][\/et_pb_row][\/et_pb_section][et_pb_section fb_built=&#8221;1&#8243; admin_label=&#8221;Testo (100%)&#8221; _builder_version=&#8221;4.27.0&#8243; _module_preset=&#8221;default&#8221; global_colors_info=&#8221;{}&#8221;][et_pb_row _builder_version=&#8221;4.27.0&#8243; _module_preset=&#8221;default&#8221; width=&#8221;100%&#8221; custom_padding=&#8221;0px||0px||false|false&#8221; global_colors_info=&#8221;{}&#8221;][et_pb_column type=&#8221;4_4&#8243; _builder_version=&#8221;4.27.0&#8243; _module_preset=&#8221;default&#8221; global_colors_info=&#8221;{}&#8221;][et_pb_text _builder_version=&#8221;4.27.2&#8243; _module_preset=&#8221;default&#8221; global_colors_info=&#8221;{}&#8221;]<\/p>\n<h3><strong>The gift for mom<\/strong><\/h3>\n<p>They seem like banal activities but they give rise to important reflections, like a sentence that accompanies a card just made, where a rocket and a ship stand out sketched with two leaves and some pencil sketches: Gift for mother. From Galaxies to Oceans.<\/p>\n<p>It&#8217;s nice to plan and experiment directly with them, witnessing the miracle of emotional involvement, the only one capable of fixing positive memories during the learning phase.<\/p>\n<p>[\/et_pb_text][\/et_pb_column][\/et_pb_row][\/et_pb_section][et_pb_section fb_built=&#8221;1&#8243; admin_label=&#8221;Immagine (100%)&#8221; _builder_version=&#8221;4.27.0&#8243; custom_padding=&#8221;0px||20px||false|false&#8221; collapsed=&#8221;off&#8221; global_colors_info=&#8221;{}&#8221;][et_pb_row admin_label=&#8221;Riga&#8221; _builder_version=&#8221;4.27.0&#8243; background_size=&#8221;initial&#8221; background_position=&#8221;top_left&#8221; background_repeat=&#8221;repeat&#8221; width=&#8221;100%&#8221; custom_padding=&#8221;0px||0px||false|false&#8221; global_colors_info=&#8221;{}&#8221;][et_pb_column type=&#8221;4_4&#8243; _builder_version=&#8221;4.16&#8243; custom_padding=&#8221;|||&#8221; global_colors_info=&#8221;{}&#8221; custom_padding__hover=&#8221;|||&#8221;][et_pb_image src=&#8221;https:\/\/mondodelgiardino.com\/wp-content\/uploads\/2024\/10\/7_orizzontale.jpg&#8221; title_text=&#8221;7_orizzontale&#8221; show_in_lightbox=&#8221;on&#8221; force_fullwidth=&#8221;on&#8221; _builder_version=&#8221;4.27.2&#8243; _module_preset=&#8221;default&#8221; global_colors_info=&#8221;{}&#8221;][\/et_pb_image][\/et_pb_column][\/et_pb_row][\/et_pb_section][et_pb_section fb_built=&#8221;1&#8243; admin_label=&#8221;Testo (100%)&#8221; _builder_version=&#8221;4.27.0&#8243; _module_preset=&#8221;default&#8221; global_colors_info=&#8221;{}&#8221;][et_pb_row _builder_version=&#8221;4.27.0&#8243; _module_preset=&#8221;default&#8221; width=&#8221;100%&#8221; custom_padding=&#8221;0px||0px||false|false&#8221; global_colors_info=&#8221;{}&#8221;][et_pb_column type=&#8221;4_4&#8243; _builder_version=&#8221;4.27.0&#8243; _module_preset=&#8221;default&#8221; global_colors_info=&#8221;{}&#8221;][et_pb_text _builder_version=&#8221;4.27.2&#8243; _module_preset=&#8221;default&#8221; global_colors_info=&#8221;{}&#8221;]<\/p>\n<h3><strong>Tales of an Orthotherapist &#8211;&nbsp;<\/strong> <strong>Street food and trendy tattoos<\/strong><\/h3>\n<p>On a social farm, a handful of kids might pick mulberries from the tree and make small street food cones with the leaves or use dried poppy capsules to improvise trendy and eco-sustainable tattoos<\/p>\n<p>It may also happen that you observe ladybugs, crickets, goats, ponies, guinea pigs, cats, rabbits and turtles. The barriers fall and, sometimes for a few minutes, you can even stay silent and listen to the sounds of Nature.<\/p>\n<p>The giggling stops, the clockwork behaviors defuse.&nbsp;<\/p>\n<p>[\/et_pb_text][\/et_pb_column][\/et_pb_row][\/et_pb_section][et_pb_section fb_built=&#8221;1&#8243; admin_label=&#8221;Immagine (100%)&#8221; _builder_version=&#8221;4.27.0&#8243; custom_padding=&#8221;0px||20px||false|false&#8221; collapsed=&#8221;off&#8221; global_colors_info=&#8221;{}&#8221;][et_pb_row admin_label=&#8221;Riga&#8221; _builder_version=&#8221;4.27.0&#8243; background_size=&#8221;initial&#8221; background_position=&#8221;top_left&#8221; background_repeat=&#8221;repeat&#8221; width=&#8221;100%&#8221; custom_padding=&#8221;0px||0px||false|false&#8221; global_colors_info=&#8221;{}&#8221;][et_pb_column type=&#8221;4_4&#8243; _builder_version=&#8221;4.16&#8243; custom_padding=&#8221;|||&#8221; global_colors_info=&#8221;{}&#8221; custom_padding__hover=&#8221;|||&#8221;][et_pb_image src=&#8221;https:\/\/mondodelgiardino.com\/wp-content\/uploads\/2024\/10\/17_orizzontale.jpg&#8221; title_text=&#8221;17_orizzontale&#8221; show_in_lightbox=&#8221;on&#8221; force_fullwidth=&#8221;on&#8221; _builder_version=&#8221;4.27.2&#8243; _module_preset=&#8221;default&#8221; global_colors_info=&#8221;{}&#8221;][\/et_pb_image][\/et_pb_column][\/et_pb_row][\/et_pb_section][et_pb_section fb_built=&#8221;1&#8243; admin_label=&#8221;Testo (100%)&#8221; _builder_version=&#8221;4.27.0&#8243; _module_preset=&#8221;default&#8221; global_colors_info=&#8221;{}&#8221;][et_pb_row _builder_version=&#8221;4.27.0&#8243; _module_preset=&#8221;default&#8221; width=&#8221;100%&#8221; custom_padding=&#8221;0px||0px||false|false&#8221; global_colors_info=&#8221;{}&#8221;][et_pb_column type=&#8221;4_4&#8243; _builder_version=&#8221;4.27.0&#8243; _module_preset=&#8221;default&#8221; global_colors_info=&#8221;{}&#8221;][et_pb_text _builder_version=&#8221;4.27.2&#8243; _module_preset=&#8221;default&#8221; global_colors_info=&#8221;{}&#8221;]<\/p>\n<h3><strong>Silent kids are always thinking<\/strong><\/h3>\n<p>With Carlo &#8211; a shy, grumpy boy who doesn&#8217;t always participate in the laboratory &#8211; we are preparing nature-themed artefacts to sell at a local market.<\/p>\n<p>We have set ourselves the goal of making a small profit that everyone will use to contribute to the realization of their own dream: a gym class, some stationery or some longed-for game.<\/p>\n<p>Carlo and I thus find ourselves walking in the garden looking for lavender and other aromatic herbs.<\/p>\n<p>Can you show me where the lavender is? I want to do something with perfumes. Carlo is involved, he finally chats in a calm way, he opens up, he tells his story, under my gaze somewhere between amazed and moved (in my work it&#8217;s surprising to always be surprised).<\/p>\n<p>[\/et_pb_text][\/et_pb_column][\/et_pb_row][\/et_pb_section][et_pb_section fb_built=&#8221;1&#8243; admin_label=&#8221;Immagine (100%)&#8221; _builder_version=&#8221;4.27.0&#8243; custom_padding=&#8221;0px||20px||false|false&#8221; collapsed=&#8221;off&#8221; global_colors_info=&#8221;{}&#8221;][et_pb_row admin_label=&#8221;Riga&#8221; _builder_version=&#8221;4.27.0&#8243; background_size=&#8221;initial&#8221; background_position=&#8221;top_left&#8221; background_repeat=&#8221;repeat&#8221; width=&#8221;100%&#8221; custom_padding=&#8221;0px||0px||false|false&#8221; global_colors_info=&#8221;{}&#8221;][et_pb_column type=&#8221;4_4&#8243; _builder_version=&#8221;4.16&#8243; custom_padding=&#8221;|||&#8221; global_colors_info=&#8221;{}&#8221; custom_padding__hover=&#8221;|||&#8221;][et_pb_image src=&#8221;https:\/\/mondodelgiardino.com\/wp-content\/uploads\/2024\/10\/22_orizzontale.jpg&#8221; title_text=&#8221;22_orizzontale&#8221; show_in_lightbox=&#8221;on&#8221; force_fullwidth=&#8221;on&#8221; _builder_version=&#8221;4.27.2&#8243; _module_preset=&#8221;default&#8221; global_colors_info=&#8221;{}&#8221;][\/et_pb_image][\/et_pb_column][\/et_pb_row][\/et_pb_section][et_pb_section fb_built=&#8221;1&#8243; admin_label=&#8221;Testo (100%)&#8221; _builder_version=&#8221;4.27.0&#8243; _module_preset=&#8221;default&#8221; global_colors_info=&#8221;{}&#8221;][et_pb_row _builder_version=&#8221;4.27.0&#8243; _module_preset=&#8221;default&#8221; width=&#8221;100%&#8221; custom_padding=&#8221;0px||0px||false|false&#8221; global_colors_info=&#8221;{}&#8221;][et_pb_column type=&#8221;4_4&#8243; _builder_version=&#8221;4.27.0&#8243; _module_preset=&#8221;default&#8221; global_colors_info=&#8221;{}&#8221;][et_pb_text _builder_version=&#8221;4.27.2&#8243; _module_preset=&#8221;default&#8221; global_colors_info=&#8221;{}&#8221;]<\/p>\n<h2><strong>The precious gifts we keep<\/strong><\/h2>\n<p>The boys&#8217; confidences and &#8220;beautiful phrases&#8221; are precious gifts that emerge spontaneously:<\/p>\n<p>Francesco: Nature doesn&#8217;t need everything to be perfect. (This find is perfect!).<\/p>\n<p>Indro: The most lethal weapons in the world are love, tickling and Nature. (I laugh).<\/p>\n<p>Phrases from children who come from different social contexts, one disadvantaged and the other not, but who, being in Nature, free to express themselves, have unknowingly shared a vision of the world that, in these times, I would like everyone to be able to experience.<\/p>\n<p>[\/et_pb_text][\/et_pb_column][\/et_pb_row][\/et_pb_section][et_pb_section fb_built=&#8221;1&#8243; admin_label=&#8221;Consiglio MDG&#8221; _builder_version=&#8221;4.27.0&#8243; _module_preset=&#8221;default&#8221; custom_margin=&#8221;30px||20px||false|false&#8221; custom_padding=&#8221;10px|20px|20px|20px|false|true&#8221; border_radii=&#8221;on|15px|15px|15px|15px&#8221; border_width_all=&#8221;4px&#8221; border_color_all=&#8221;#d5de75&#8243; global_colors_info=&#8221;{}&#8221;][et_pb_row _builder_version=&#8221;4.27.0&#8243; _module_preset=&#8221;default&#8221; width=&#8221;100%&#8221; custom_padding=&#8221;0px||0px||false|false&#8221; global_colors_info=&#8221;{}&#8221;][et_pb_column type=&#8221;4_4&#8243; _builder_version=&#8221;4.27.0&#8243; _module_preset=&#8221;default&#8221; global_colors_info=&#8221;{}&#8221;][et_pb_text _builder_version=&#8221;4.27.2&#8243; _module_preset=&#8221;default&#8221; global_colors_info=&#8221;{}&#8221;]<\/p>\n<h1>The mondo del giardino advice<\/h1>\n<p>Orthotherapy is a very sweet world that you sometimes enter almost by chance. Taking care of a garden or a green space has similar results even for those who only have a whole day to shake off&#8230; do you want to know how to do it? start from the gardening tips <span style=\"text-decoration: underline;\"><a href=\"\/en\/gardening\/\" target=\"_blank\" rel=\"noopener\">here<\/a><\/span><\/p>\n<p>[\/et_pb_text][\/et_pb_column][\/et_pb_row][\/et_pb_section][et_pb_section fb_built=&#8221;1&#8243; admin_label=&#8221;Testo (100%)&#8221; _builder_version=&#8221;4.27.0&#8243; _module_preset=&#8221;default&#8221; global_colors_info=&#8221;{}&#8221;][et_pb_row _builder_version=&#8221;4.27.0&#8243; _module_preset=&#8221;default&#8221; width=&#8221;100%&#8221; custom_padding=&#8221;0px||0px||false|false&#8221; global_colors_info=&#8221;{}&#8221;][et_pb_column type=&#8221;4_4&#8243; _builder_version=&#8221;4.27.0&#8243; _module_preset=&#8221;default&#8221; global_colors_info=&#8221;{}&#8221;][et_pb_text _builder_version=&#8221;4.27.2&#8243; _module_preset=&#8221;default&#8221; global_colors_info=&#8221;{}&#8221;]<\/p>\n<p>Now on horseback! Work awaits us! Our new wonderful outdoor space is about to be born!<\/p>\n<p>GOOD WORK and &#8230; if you have any questions please write to <a href=\"mailto:info@mondodelgiardino.com\">info@mondodelgiardino.com<\/a><\/p>\n<p>Sources of the images: for the photos we thank Milena Bellonotto and her sweet traveling companions.<\/p>\n<p>[\/et_pb_text][\/et_pb_column][\/et_pb_row][\/et_pb_section]<\/p>\n","protected":false},"excerpt":{"rendered":"<p>Planting a seed and seeing a living plant emerge. Maybe for an adult it&#8217;s not a miracle but for a child it is.<\/p>\n","protected":false},"author":1,"featured_media":5160,"comment_status":"closed","ping_status":"closed","sticky":false,"template":"","format":"standard","meta":{"_et_pb_use_builder":"on","_et_pb_old_content":"[et_pb_section fb_built=\"1\" admin_label=\"Testo (100%)\" _builder_version=\"4.27.0\" _module_preset=\"default\" global_colors_info=\"{}\"][et_pb_row _builder_version=\"4.27.0\" _module_preset=\"default\" width=\"100%\" custom_padding=\"0px||0px||false|false\" global_colors_info=\"{}\"][et_pb_column type=\"4_4\" _builder_version=\"4.27.0\" _module_preset=\"default\" global_colors_info=\"{}\"][et_pb_text _builder_version=\"4.27.2\" _module_preset=\"default\" global_colors_info=\"{}\"]<h2><strong>Nei Racconti di una Ortoterapeuta <\/strong><\/h2>\r\n<h4><strong>come Milena Bellonotto c\u2019\u00e8 la vita di tutti i giorni ma anche la sorpresa continua, che vedi negli occhi di un anziano che si gode il piacere di stare in quella compagnia tanto agognata e quelli di un bambino che riscopre in s\u00e9 la curiosit\u00e0 della vita. Tutto questo semplicemente, se cos\u00ec vogliamo semplificare, mettendo le mani nella terra, coltivando un orto.<\/strong><\/h4>\r\n<h2><strong>La dimensione di una Ortoterapeuta<\/strong><\/h2>\r\n<p>Passeggiando tra orto e giardino, osservo spesso le mie mani nella terra e percepisco i miei stessi occhi colmi di Natura. Mi sento finalmente appagata e in pace con me stessa pensando che ho passato gran parte della mia vita in citt\u00e0 mentre ora, grazie a questo lavoro, vivo una nuova dimensione, a pi\u00f9 stretto contatto con la Natura.<\/p>\r\n<p>Mi occupo di processi trasformativi e di interventi di supporto alle persone attraverso attivit\u00e0 nel verde o con elementi della Natura, con l\u2019obiettivo di agevolare il loro stato di benessere da un punto di vista fisico, psicologico e sotto il profilo della socialit\u00e0 che spesso \u00e8 un tallone d\u2019Achille parlando di anziani in RSA o bambini provenienti da contesti disagiati, per i quali spesso la relazione sociale \u00e8 disfunzionale.<\/p>[\/et_pb_text][\/et_pb_column][\/et_pb_row][\/et_pb_section][et_pb_section fb_built=\"1\" admin_label=\"Immagine (100%)\" _builder_version=\"4.27.0\" custom_padding=\"0px||20px||false|false\" collapsed=\"off\" global_colors_info=\"{}\"][et_pb_row admin_label=\"Riga\" _builder_version=\"4.27.0\" background_size=\"initial\" background_position=\"top_left\" background_repeat=\"repeat\" width=\"100%\" custom_padding=\"0px||0px||false|false\" global_colors_info=\"{}\"][et_pb_column type=\"4_4\" _builder_version=\"4.16\" custom_padding=\"|||\" global_colors_info=\"{}\" custom_padding__hover=\"|||\"][et_pb_image src=\"https:\/\/mondodelgiardino.com\/wp-content\/uploads\/2024\/10\/9_orizzontale.jpg\" title_text=\"9_orizzontale\" show_in_lightbox=\"on\" force_fullwidth=\"on\" _builder_version=\"4.27.2\" _module_preset=\"default\" global_colors_info=\"{}\"][\/et_pb_image][\/et_pb_column][\/et_pb_row][\/et_pb_section][et_pb_section fb_built=\"1\" admin_label=\"Testo (100%)\" _builder_version=\"4.27.0\" _module_preset=\"default\" global_colors_info=\"{}\" theme_builder_area=\"post_content\"][et_pb_row _builder_version=\"4.27.0\" _module_preset=\"default\" width=\"100%\" custom_padding=\"0px||0px||false|false\" global_colors_info=\"{}\" theme_builder_area=\"post_content\"][et_pb_column type=\"4_4\" _builder_version=\"4.27.0\" _module_preset=\"default\" global_colors_info=\"{}\" theme_builder_area=\"post_content\"][et_pb_text _builder_version=\"4.27.2\" _module_preset=\"default\" hover_enabled=\"0\" global_colors_info=\"{}\" theme_builder_area=\"post_content\" sticky_enabled=\"0\"]<h2><strong>Racconti di una Ortoterapeuta - Il primo giorno alla casa di riposo<\/strong><\/h2>\r\n<p>Il primo giorno che sono arrivata presso la Casa di riposo, per tenere alcune sessioni di ortoterapia, ho avuto al mio fianco - come assistente d'eccezione - Natalina, 94 anni, mani svelte, operose, precise, abituate alla semina perch\u00e9 sai, io vivevo in campagna.<\/p>\r\n<h2><strong>Natalina<\/strong><\/h2>\r\n<p>In barba all\u2019et\u00e0, Natalina si \u00e8 rivelata un prezioso aiuto per i suoi compagni di viaggio pi\u00f9 giovani e meno fortunati, che hanno avuto bisogno di istruzioni e supporto, pazienza e incoraggiamenti, per riempire di terra i vasetti da preparare per la semina.<\/p>[\/et_pb_text][\/et_pb_column][\/et_pb_row][\/et_pb_section][et_pb_section fb_built=\"1\" admin_label=\"Immagine (100%)\" _builder_version=\"4.27.0\" custom_padding=\"0px||20px||false|false\" collapsed=\"off\" global_colors_info=\"{}\" theme_builder_area=\"post_content\"][et_pb_row admin_label=\"Riga\" _builder_version=\"4.27.0\" background_size=\"initial\" background_position=\"top_left\" background_repeat=\"repeat\" width=\"100%\" custom_padding=\"0px||0px||false|false\" global_colors_info=\"{}\" theme_builder_area=\"post_content\"][et_pb_column type=\"4_4\" _builder_version=\"4.16\" custom_padding=\"|||\" global_colors_info=\"{}\" custom_padding__hover=\"|||\" theme_builder_area=\"post_content\"][et_pb_image src=\"https:\/\/mondodelgiardino.com\/wp-content\/uploads\/2024\/10\/15_orizzontale.jpg\" title_text=\"15_orizzontale\" show_in_lightbox=\"on\" force_fullwidth=\"on\" _builder_version=\"4.27.2\" _module_preset=\"default\" hover_enabled=\"0\" global_colors_info=\"{}\" theme_builder_area=\"post_content\" sticky_enabled=\"0\"][\/et_pb_image][\/et_pb_column][\/et_pb_row][\/et_pb_section][et_pb_section fb_built=\"1\" admin_label=\"Testo (100%)\" _builder_version=\"4.27.0\" _module_preset=\"default\" global_colors_info=\"{}\" theme_builder_area=\"post_content\"][et_pb_row _builder_version=\"4.27.0\" _module_preset=\"default\" width=\"100%\" custom_padding=\"0px||0px||false|false\" global_colors_info=\"{}\" theme_builder_area=\"post_content\"][et_pb_column type=\"4_4\" _builder_version=\"4.27.0\" _module_preset=\"default\" global_colors_info=\"{}\" theme_builder_area=\"post_content\"][et_pb_text _builder_version=\"4.27.2\" _module_preset=\"default\" hover_enabled=\"0\" global_colors_info=\"{}\" theme_builder_area=\"post_content\" sticky_enabled=\"0\"]<p>\u00a0<\/p>\r\n<h3><strong>La forza nelle mani<\/strong><\/h3>\r\n<p>Poco alla volta ho conosciuto storie e nomi, come Rita, un concentrato di dolcezza e attenzioni per tutti. Ma io non ho forza nelle mani! E io non ci vedo! Ma sapr\u00f2 incollare? Sembrava difficile e poi... Click! Memorie che si accendono, conoscenze che riaffiorano, occhi che si illuminano, mani che si avvicinano e selezionano, sperimentano, compongono, seguendo il filo dell'intuito e della creativit\u00e0.<\/p>\r\n<p>Un cartoncino nero aiuta a rendere pi\u00f9 evidenti i colori e le forme delle foglie essiccate e per magia tutto cambia.\u00a0<\/p>\r\n<h3><strong>Racconti di una ortoterapeuta - Facciamo un segnalibro<\/strong><\/h3>\r\n<p>Natalina, che voleva solo aiutare, alla fine timidamente mi chiede di realizzare un segnalibro Ne posso fare uno anch'io? Sai, per mia nipote, cos\u00ec avr\u00e0 un mio ricordo! \u00c8 bello assistere al risveglio di voci che emergono dal torpore e vedere i volti illuminarsi: Ne facciamo un altro? Io scelgo la foglia di castagno!<\/p>\r\n<p>Convinto da tanto cicalare, pure Martino, silenzioso e titubante fino a quel punto, interviene: Scrivi anche il mio nome? E Natalina, maniacale, mi riprende col suo piglio: Fai attenzione a non fare pieghe! E poi Carla, Rita, Domenica: Lo user\u00f2 quando leggo il giornale per non perdere il segno Sono bellissimi, che bel lavoro!\u00a0 Grazie!<\/p>[\/et_pb_text][\/et_pb_column][\/et_pb_row][\/et_pb_section][et_pb_section fb_built=\"1\" admin_label=\"Immagine (100%)\" _builder_version=\"4.27.0\" custom_padding=\"0px||20px||false|false\" collapsed=\"off\" global_colors_info=\"{}\" theme_builder_area=\"post_content\"][et_pb_row admin_label=\"Riga\" _builder_version=\"4.27.0\" background_size=\"initial\" background_position=\"top_left\" background_repeat=\"repeat\" width=\"100%\" custom_padding=\"0px||0px||false|false\" global_colors_info=\"{}\" theme_builder_area=\"post_content\"][et_pb_column type=\"4_4\" _builder_version=\"4.16\" custom_padding=\"|||\" global_colors_info=\"{}\" custom_padding__hover=\"|||\" theme_builder_area=\"post_content\"][et_pb_image src=\"https:\/\/mondodelgiardino.com\/wp-content\/uploads\/2024\/10\/8_orizzontale.jpg\" title_text=\"8_orizzontale\" show_in_lightbox=\"on\" force_fullwidth=\"on\" _builder_version=\"4.27.2\" _module_preset=\"default\" hover_enabled=\"0\" global_colors_info=\"{}\" theme_builder_area=\"post_content\" sticky_enabled=\"0\"][\/et_pb_image][\/et_pb_column][\/et_pb_row][\/et_pb_section][et_pb_section fb_built=\"1\" admin_label=\"Testo (100%)\" _builder_version=\"4.27.0\" _module_preset=\"default\" global_colors_info=\"{}\" theme_builder_area=\"post_content\"][et_pb_row _builder_version=\"4.27.0\" _module_preset=\"default\" width=\"100%\" custom_padding=\"0px||0px||false|false\" global_colors_info=\"{}\" theme_builder_area=\"post_content\"][et_pb_column type=\"4_4\" _builder_version=\"4.27.0\" _module_preset=\"default\" global_colors_info=\"{}\" theme_builder_area=\"post_content\"][et_pb_text _builder_version=\"4.27.2\" _module_preset=\"default\" hover_enabled=\"0\" global_colors_info=\"{}\" theme_builder_area=\"post_content\" sticky_enabled=\"0\"]<h3><strong>Mentre seminiamo, parliamo\u2026<\/strong><\/h3>\r\n<p>Gli anziani hanno interi mondi da raccontare, vite colme di gioie e dolori che condividono volentieri osservando e manipolando foglie dai colori sgargianti o seminando fiori: un'attivit\u00e0 per molti di loro consueta in giovent\u00f9.<\/p>\r\n<h3><strong>\u2026e sorridiamo<\/strong><\/h3>\r\n<p>Ho portato loro dei semi, alcuni elementi vegetali e qualche lettura ad alta voce. Loro mi hanno regalato tutta la bellezza e la complessit\u00e0 di vite e di gesti strappati all'oblio grazie alla memoria tattile e visiva che, in taluni casi, ha riattivato, purtroppo per poco, i muscoli del sorriso.<\/p>[\/et_pb_text][\/et_pb_column][\/et_pb_row][\/et_pb_section][et_pb_section fb_built=\"1\" admin_label=\"Immagine (100%)\" _builder_version=\"4.27.0\" custom_padding=\"0px||20px||false|false\" collapsed=\"off\" global_colors_info=\"{}\" theme_builder_area=\"post_content\"][et_pb_row admin_label=\"Riga\" _builder_version=\"4.27.0\" background_size=\"initial\" background_position=\"top_left\" background_repeat=\"repeat\" width=\"100%\" custom_padding=\"0px||0px||false|false\" global_colors_info=\"{}\" theme_builder_area=\"post_content\"][et_pb_column type=\"4_4\" _builder_version=\"4.16\" custom_padding=\"|||\" global_colors_info=\"{}\" custom_padding__hover=\"|||\" theme_builder_area=\"post_content\"][et_pb_image src=\"https:\/\/mondodelgiardino.com\/wp-content\/uploads\/2024\/10\/6_orizzontale.jpg\" title_text=\"6_orizzontale\" show_in_lightbox=\"on\" force_fullwidth=\"on\" _builder_version=\"4.27.2\" _module_preset=\"default\" hover_enabled=\"0\" global_colors_info=\"{}\" theme_builder_area=\"post_content\" sticky_enabled=\"0\"][\/et_pb_image][\/et_pb_column][\/et_pb_row][\/et_pb_section][et_pb_section fb_built=\"1\" admin_label=\"Testo (100%)\" _builder_version=\"4.27.0\" _module_preset=\"default\" global_colors_info=\"{}\" theme_builder_area=\"post_content\"][et_pb_row _builder_version=\"4.27.0\" _module_preset=\"default\" width=\"100%\" custom_padding=\"0px||0px||false|false\" global_colors_info=\"{}\" theme_builder_area=\"post_content\"][et_pb_column type=\"4_4\" _builder_version=\"4.27.0\" _module_preset=\"default\" global_colors_info=\"{}\" theme_builder_area=\"post_content\"][et_pb_text _builder_version=\"4.27.2\" _module_preset=\"default\" hover_enabled=\"0\" global_colors_info=\"{}\" theme_builder_area=\"post_content\" sticky_enabled=\"0\"]<h2><strong>Racconti di una Ortoterapeuta - I cambi di prospettiva<\/strong><\/h2>\r\n<p>Elementi, colori e profumi vegetali sono nutrimento che utilizzo al pari del Racconto e dell'Illustrazione come forme espressive di supporto e di riflessione. Si impara cos\u00ec, anche noi, che punti di vista e cambi di prospettiva sono necessari: nella vita, nel lavoro, in una relazione.<\/p>\r\n<h3><strong>Prendersi cura di una pianta, prendersi cura di s\u00e9<\/strong><\/h3>\r\n<p>Circa un anno fa ho iniziato un percorso con bambini e pre-adolescenti provenienti da situazioni di disagio sociale. Nulla \u00e8 scontato o semplice: Noi Ortoterapeuti siamo una finestra su un mondo-altro, su una possibilit\u00e0 diversa di \u2018essere\u2019 che non sempre colgono o capiscono. Il percorso fa s\u00ec che il concetto del \"prendersi cura\" di una pianta, di un seme o di un fiore diventi, per osmosi, il prendersi cura di s\u00e9 e del proprio potenziale inespresso, imparando ad amare e ad amarsi attraverso la Natura.<\/p>\r\n<p>I loro modi sono talvolta grezzi, sguaiati, provocatori; ma la loro creativit\u00e0 \u00e8 potente: Vuoi mettere un biglietto per la mamma realizzato con le foglie scelte proprio da me?<\/p>[\/et_pb_text][\/et_pb_column][\/et_pb_row][\/et_pb_section][et_pb_section fb_built=\"1\" admin_label=\"Immagine (100%)\" _builder_version=\"4.27.0\" custom_padding=\"0px||20px||false|false\" collapsed=\"off\" global_colors_info=\"{}\" theme_builder_area=\"post_content\"][et_pb_row admin_label=\"Riga\" _builder_version=\"4.27.0\" background_size=\"initial\" background_position=\"top_left\" background_repeat=\"repeat\" width=\"100%\" custom_padding=\"0px||0px||false|false\" global_colors_info=\"{}\" theme_builder_area=\"post_content\"][et_pb_column type=\"4_4\" _builder_version=\"4.16\" custom_padding=\"|||\" global_colors_info=\"{}\" custom_padding__hover=\"|||\" theme_builder_area=\"post_content\"][et_pb_image src=\"https:\/\/mondodelgiardino.com\/wp-content\/uploads\/2024\/10\/010_orizzontale.jpg\" title_text=\"010_orizzontale\" show_in_lightbox=\"on\" force_fullwidth=\"on\" _builder_version=\"4.27.2\" _module_preset=\"default\" hover_enabled=\"0\" global_colors_info=\"{}\" theme_builder_area=\"post_content\" sticky_enabled=\"0\"][\/et_pb_image][\/et_pb_column][\/et_pb_row][\/et_pb_section][et_pb_section fb_built=\"1\" admin_label=\"Testo (100%)\" _builder_version=\"4.27.0\" _module_preset=\"default\" global_colors_info=\"{}\" theme_builder_area=\"post_content\"][et_pb_row _builder_version=\"4.27.0\" _module_preset=\"default\" width=\"100%\" custom_padding=\"0px||0px||false|false\" global_colors_info=\"{}\" theme_builder_area=\"post_content\"][et_pb_column type=\"4_4\" _builder_version=\"4.27.0\" _module_preset=\"default\" global_colors_info=\"{}\" theme_builder_area=\"post_content\"][et_pb_text _builder_version=\"4.27.2\" _module_preset=\"default\" hover_enabled=\"0\" global_colors_info=\"{}\" theme_builder_area=\"post_content\" sticky_enabled=\"0\"]<h3><strong>Il regalo per la mamma<\/strong><\/h3>\r\n<p>Sembrano attivit\u00e0 banali ma che danno esito a riflessioni importanti, come una frase che accompagna un biglietto appena realizzato, dove campeggiano un razzo e una nave abbozzati con due foglie e qualche schizzo di matita: Regalo per mamma. Dalle Galassie agli Oceani.<\/p>\r\n<p>\u00c8 bello progettare e sperimentare direttamente con loro assistendo al miracolo del coinvolgimento emotivo, l'unico capace di fissare ricordi positivi in fase di apprendimento.<\/p>[\/et_pb_text][\/et_pb_column][\/et_pb_row][\/et_pb_section][et_pb_section fb_built=\"1\" admin_label=\"Immagine (100%)\" _builder_version=\"4.27.0\" custom_padding=\"0px||20px||false|false\" collapsed=\"off\" global_colors_info=\"{}\" theme_builder_area=\"post_content\"][et_pb_row admin_label=\"Riga\" _builder_version=\"4.27.0\" background_size=\"initial\" background_position=\"top_left\" background_repeat=\"repeat\" width=\"100%\" custom_padding=\"0px||0px||false|false\" global_colors_info=\"{}\" theme_builder_area=\"post_content\"][et_pb_column type=\"4_4\" _builder_version=\"4.16\" custom_padding=\"|||\" global_colors_info=\"{}\" custom_padding__hover=\"|||\" theme_builder_area=\"post_content\"][et_pb_image src=\"https:\/\/mondodelgiardino.com\/wp-content\/uploads\/2024\/10\/7_orizzontale.jpg\" title_text=\"7_orizzontale\" show_in_lightbox=\"on\" force_fullwidth=\"on\" _builder_version=\"4.27.2\" _module_preset=\"default\" hover_enabled=\"0\" global_colors_info=\"{}\" theme_builder_area=\"post_content\" sticky_enabled=\"0\"][\/et_pb_image][\/et_pb_column][\/et_pb_row][\/et_pb_section][et_pb_section fb_built=\"1\" admin_label=\"Testo (100%)\" _builder_version=\"4.27.0\" _module_preset=\"default\" global_colors_info=\"{}\" theme_builder_area=\"post_content\"][et_pb_row _builder_version=\"4.27.0\" _module_preset=\"default\" width=\"100%\" custom_padding=\"0px||0px||false|false\" global_colors_info=\"{}\" theme_builder_area=\"post_content\"][et_pb_column type=\"4_4\" _builder_version=\"4.27.0\" _module_preset=\"default\" global_colors_info=\"{}\" theme_builder_area=\"post_content\"][et_pb_text _builder_version=\"4.27.2\" _module_preset=\"default\" hover_enabled=\"0\" global_colors_info=\"{}\" theme_builder_area=\"post_content\" sticky_enabled=\"0\"]<h3><strong>Racconti di una Ortoterapeuta -\u00a0<\/strong><strong>Street food e tatuaggi trendy<\/strong><\/h3>\r\n<p>In una fattoria sociale ad un manipolo di ragazzini pu\u00f2 accadere di raccogliere more di gelso dall'albero e confezionare piccoli coni da street food con le foglie o di utilizzare le capsule dei papaveri secchi per improvvisare tatuaggi trendy ed ecosostenibili<\/p>\r\n<p>Pu\u00f2 capitare anche di osservare coccinelle, grilli, capre, pony, cavie, gatti, conigli e tartarughe. Le barriere cadono e, a volte per pochi minuti, si riesce anche a stare in silenzio ad ascoltare i suoni della Natura.<\/p>\r\n<p>Le risatine cessano, i comportamenti ad orologeria si disinnescano.\u00a0<\/p>[\/et_pb_text][\/et_pb_column][\/et_pb_row][\/et_pb_section][et_pb_section fb_built=\"1\" admin_label=\"Immagine (100%)\" _builder_version=\"4.27.0\" custom_padding=\"0px||20px||false|false\" collapsed=\"off\" global_colors_info=\"{}\" theme_builder_area=\"post_content\"][et_pb_row admin_label=\"Riga\" _builder_version=\"4.27.0\" background_size=\"initial\" background_position=\"top_left\" background_repeat=\"repeat\" width=\"100%\" custom_padding=\"0px||0px||false|false\" global_colors_info=\"{}\" theme_builder_area=\"post_content\"][et_pb_column type=\"4_4\" _builder_version=\"4.16\" custom_padding=\"|||\" global_colors_info=\"{}\" custom_padding__hover=\"|||\" theme_builder_area=\"post_content\"][et_pb_image src=\"https:\/\/mondodelgiardino.com\/wp-content\/uploads\/2024\/10\/17_orizzontale.jpg\" title_text=\"17_orizzontale\" show_in_lightbox=\"on\" force_fullwidth=\"on\" _builder_version=\"4.27.2\" _module_preset=\"default\" hover_enabled=\"0\" global_colors_info=\"{}\" theme_builder_area=\"post_content\" sticky_enabled=\"0\"][\/et_pb_image][\/et_pb_column][\/et_pb_row][\/et_pb_section][et_pb_section fb_built=\"1\" admin_label=\"Testo (100%)\" _builder_version=\"4.27.0\" _module_preset=\"default\" global_colors_info=\"{}\" theme_builder_area=\"post_content\"][et_pb_row _builder_version=\"4.27.0\" _module_preset=\"default\" width=\"100%\" custom_padding=\"0px||0px||false|false\" global_colors_info=\"{}\" theme_builder_area=\"post_content\"][et_pb_column type=\"4_4\" _builder_version=\"4.27.0\" _module_preset=\"default\" global_colors_info=\"{}\" theme_builder_area=\"post_content\"][et_pb_text _builder_version=\"4.27.2\" _module_preset=\"default\" hover_enabled=\"0\" global_colors_info=\"{}\" theme_builder_area=\"post_content\" sticky_enabled=\"0\"]<h3><strong>Racconti di una Ortoterapeuta -\u00a0<\/strong><strong>Street food e tatuaggi trendy<\/strong><\/h3>\r\n<p>In una fattoria sociale ad un manipolo di ragazzini pu\u00f2 accadere di raccogliere more di gelso dall'albero e confezionare piccoli coni da street food con le foglie o di utilizzare le capsule dei papaveri secchi per improvvisare tatuaggi trendy ed ecosostenibili<\/p>\r\n<p>Pu\u00f2 capitare anche di osservare coccinelle, grilli, capre, pony, cavie, gatti, conigli e tartarughe. Le barriere cadono e, a volte per pochi minuti, si riesce anche a stare in silenzio ad ascoltare i suoni della Natura.<\/p>\r\n<p>Le risatine cessano, i comportamenti ad orologeria si disinnescano.\u00a0<\/p>\r\n[\/et_pb_text][\/et_pb_column][\/et_pb_row][\/et_pb_section][et_pb_section fb_built=\"1\" admin_label=\"Immagine (100%)\" _builder_version=\"4.27.0\" custom_padding=\"0px||20px||false|false\" collapsed=\"off\" global_colors_info=\"{}\" theme_builder_area=\"post_content\"][et_pb_row admin_label=\"Riga\" _builder_version=\"4.27.0\" background_size=\"initial\" background_position=\"top_left\" background_repeat=\"repeat\" width=\"100%\" custom_padding=\"0px||0px||false|false\" global_colors_info=\"{}\" theme_builder_area=\"post_content\"][et_pb_column type=\"4_4\" _builder_version=\"4.16\" custom_padding=\"|||\" global_colors_info=\"{}\" custom_padding__hover=\"|||\" theme_builder_area=\"post_content\"][et_pb_image src=\"https:\/\/mondodelgiardino.com\/wp-content\/uploads\/2024\/10\/22_orizzontale.jpg\" title_text=\"22_orizzontale\" show_in_lightbox=\"on\" force_fullwidth=\"on\" _builder_version=\"4.27.2\" _module_preset=\"default\" hover_enabled=\"0\" global_colors_info=\"{}\" theme_builder_area=\"post_content\" sticky_enabled=\"0\"][\/et_pb_image][\/et_pb_column][\/et_pb_row][\/et_pb_section][et_pb_section fb_built=\"1\" admin_label=\"Testo (100%)\" _builder_version=\"4.27.0\" _module_preset=\"default\" global_colors_info=\"{}\" theme_builder_area=\"post_content\"][et_pb_row _builder_version=\"4.27.0\" _module_preset=\"default\" width=\"100%\" custom_padding=\"0px||0px||false|false\" global_colors_info=\"{}\" theme_builder_area=\"post_content\"][et_pb_column type=\"4_4\" _builder_version=\"4.27.0\" _module_preset=\"default\" global_colors_info=\"{}\" theme_builder_area=\"post_content\"][et_pb_text _builder_version=\"4.27.2\" _module_preset=\"default\" hover_enabled=\"0\" global_colors_info=\"{}\" theme_builder_area=\"post_content\" sticky_enabled=\"0\"]<h2><strong>I doni preziosi che conserviamo<\/strong><\/h2>\r\n<p>Le confidenze dei ragazzi e le \"frasi belle\" sono doni preziosi che emergono in tutta spontaneit\u00e0:<\/p>\r\n<p>Francesco: La Natura non ha bisogno che tutto sia perfetto. (Questa scoperta \u00e8 perfetta!).<\/p>\r\n<p>Indro: Le armi pi\u00f9 letali al mondo sono l\u2019amore, il solletico e la Natura. (Rido).<\/p>\r\n<p>Frasi di bambini che provengono da contesti sociali diversi, uno di disagio e l\u2019altro no ma che stando in Natura, liberi di esprimersi, hanno a loro insaputa condiviso una visione del mondo che, di questi tempi, vorrei tutti potessero sperimentare.<\/p>[\/et_pb_text][\/et_pb_column][\/et_pb_row][\/et_pb_section][et_pb_section fb_built=\"1\" admin_label=\"Consiglio MDG\" _builder_version=\"4.27.0\" _module_preset=\"default\" custom_margin=\"30px||20px||false|false\" custom_padding=\"10px|20px|20px|20px|false|true\" border_radii=\"on|15px|15px|15px|15px\" border_width_all=\"4px\" border_color_all=\"#d5de75\" global_colors_info=\"{}\" theme_builder_area=\"post_content\"][et_pb_row _builder_version=\"4.27.0\" _module_preset=\"default\" width=\"100%\" custom_padding=\"0px||0px||false|false\" global_colors_info=\"{}\" theme_builder_area=\"post_content\"][et_pb_column type=\"4_4\" _builder_version=\"4.27.0\" _module_preset=\"default\" global_colors_info=\"{}\" theme_builder_area=\"post_content\"][et_pb_text _builder_version=\"4.27.2\" _module_preset=\"default\" hover_enabled=\"0\" global_colors_info=\"{}\" theme_builder_area=\"post_content\" sticky_enabled=\"0\"]<h1>Il consiglio del mondo del giardino<\/h1>\r\n<p>L\u2019ortoterapia \u00e8 un mondo dolcissimo nel quale a volte si entra quasi per caso. Occuparsi di un giardino o di uno spazio verde ha simili risultati anche per chi ha solo una intera giornata da scrollarsi di dosso\u2026volete sapere come fare? partite dai suggerimenti di giardinaggio <span style=\"text-decoration: underline;\"><a href=\"\/giardinaggio\/\" target=\"_blank\" rel=\"noopener\">qui<\/a><\/span><\/p>[\/et_pb_text][\/et_pb_column][\/et_pb_row][\/et_pb_section][et_pb_section fb_built=\"1\" admin_label=\"Testo (100%)\" _builder_version=\"4.27.0\" _module_preset=\"default\" global_colors_info=\"{}\" theme_builder_area=\"post_content\"][et_pb_row _builder_version=\"4.27.0\" _module_preset=\"default\" width=\"100%\" custom_padding=\"0px||0px||false|false\" global_colors_info=\"{}\" theme_builder_area=\"post_content\"][et_pb_column type=\"4_4\" _builder_version=\"4.27.0\" _module_preset=\"default\" global_colors_info=\"{}\" theme_builder_area=\"post_content\"][et_pb_text _builder_version=\"4.27.2\" _module_preset=\"default\" hover_enabled=\"0\" global_colors_info=\"{}\" theme_builder_area=\"post_content\" sticky_enabled=\"0\"]<p>Ora a cavallo! Il lavoro ci aspetta! Il nostro nuovo meraviglioso spazio esterno sta per nascere!<\/p>\r\n<p>BUON LAVORO e\u2026se avete domande scrivete pure a <a href=\"mailto:info@mondodelgiardino.com\">info@mondodelgiardino.com<\/a><\/p>\r\n<p>Fonti delle immagini: per le foto si ringrazia Milena Bellonotto ed i suoi dolci compagni di viaggio.<\/p>[\/et_pb_text][\/et_pb_column][\/et_pb_row][\/et_pb_section]","_et_gb_content_width":"","footnotes":""},"categories":[26],"tags":[1947,1950,1946,1948,63,1761,1951,505,1949,465],"class_list":["post-5183","post","type-post","status-publish","format-standard","has-post-thumbnail","hentry","category-culture","tag-children","tag-creativity","tag-elderly","tag-emotions","tag-garden","tag-horticultural-therapy","tag-inclusion","tag-nature","tag-therapy","tag-wellness"],"yoast_head":"<!-- This site is optimized with the Yoast SEO plugin v26.2 - https:\/\/yoast.com\/wordpress\/plugins\/seo\/ -->\n<title>Tales of an Orthotherapist - Mondo del Giardino<\/title>\n<meta name=\"description\" content=\"The tales of an Orthotherapist show how contact with nature, among emotions, improves the well-being of the elderly and children.\" \/>\n<meta name=\"robots\" content=\"index, follow, max-snippet:-1, max-image-preview:large, max-video-preview:-1\" \/>\n<link rel=\"canonical\" href=\"https:\/\/mondodelgiardino.com\/en\/tales-of-an-orthotherapist\/\" \/>\n<meta property=\"og:locale\" content=\"en_US\" \/>\n<meta property=\"og:type\" content=\"article\" \/>\n<meta property=\"og:title\" content=\"Tales of an Orthotherapist - Mondo del Giardino\" \/>\n<meta property=\"og:description\" content=\"The tales of an Orthotherapist show how contact with nature, among emotions, improves the well-being of the elderly and children.\" \/>\n<meta property=\"og:url\" content=\"https:\/\/mondodelgiardino.com\/en\/tales-of-an-orthotherapist\/\" \/>\n<meta property=\"og:site_name\" content=\"Mondo del Giardino\" \/>\n<meta property=\"article:publisher\" content=\"https:\/\/www.facebook.com\/mondodelgiardino\" \/>\n<meta property=\"article:published_time\" content=\"2023-10-27T10:24:46+00:00\" \/>\n<meta property=\"article:modified_time\" content=\"2025-06-18T09:03:55+00:00\" \/>\n<meta property=\"og:image\" content=\"https:\/\/mondodelgiardino.com\/wp-content\/uploads\/2024\/10\/3_orizzontale.jpg\" \/>\n\t<meta property=\"og:image:width\" content=\"640\" \/>\n\t<meta property=\"og:image:height\" content=\"360\" \/>\n\t<meta property=\"og:image:type\" content=\"image\/jpeg\" \/>\n<meta name=\"author\" content=\"admin\" \/>\n<meta name=\"twitter:card\" content=\"summary_large_image\" \/>\n<meta name=\"twitter:label1\" content=\"Written by\" \/>\n\t<meta name=\"twitter:data1\" content=\"admin\" \/>\n\t<meta name=\"twitter:label2\" content=\"Est. reading time\" \/>\n\t<meta name=\"twitter:data2\" content=\"9 minutes\" \/>\n<script type=\"application\/ld+json\" class=\"yoast-schema-graph\">{\"@context\":\"https:\/\/schema.org\",\"@graph\":[{\"@type\":\"Article\",\"@id\":\"https:\/\/mondodelgiardino.com\/en\/tales-of-an-orthotherapist\/#article\",\"isPartOf\":{\"@id\":\"https:\/\/mondodelgiardino.com\/en\/tales-of-an-orthotherapist\/\"},\"author\":{\"name\":\"admin\",\"@id\":\"https:\/\/mondodelgiardino.com\/en\/#\/schema\/person\/59fa8845bd0c10f5cfb08a435f1e4d23\"},\"headline\":\"Tales of an Orthotherapist\",\"datePublished\":\"2023-10-27T10:24:46+00:00\",\"dateModified\":\"2025-06-18T09:03:55+00:00\",\"mainEntityOfPage\":{\"@id\":\"https:\/\/mondodelgiardino.com\/en\/tales-of-an-orthotherapist\/\"},\"wordCount\":3069,\"publisher\":{\"@id\":\"https:\/\/mondodelgiardino.com\/en\/#organization\"},\"image\":{\"@id\":\"https:\/\/mondodelgiardino.com\/en\/tales-of-an-orthotherapist\/#primaryimage\"},\"thumbnailUrl\":\"https:\/\/mondodelgiardino.com\/wp-content\/uploads\/2024\/10\/3_orizzontale.jpg\",\"keywords\":[\"children\",\"creativity\",\"elderly\",\"emotions\",\"garden\",\"horticultural therapy\",\"inclusion\",\"nature\",\"therapy\",\"wellness\"],\"articleSection\":[\"Books and Culture\"],\"inLanguage\":\"en-US\"},{\"@type\":\"WebPage\",\"@id\":\"https:\/\/mondodelgiardino.com\/en\/tales-of-an-orthotherapist\/\",\"url\":\"https:\/\/mondodelgiardino.com\/en\/tales-of-an-orthotherapist\/\",\"name\":\"Tales of an Orthotherapist - Mondo del Giardino\",\"isPartOf\":{\"@id\":\"https:\/\/mondodelgiardino.com\/en\/#website\"},\"primaryImageOfPage\":{\"@id\":\"https:\/\/mondodelgiardino.com\/en\/tales-of-an-orthotherapist\/#primaryimage\"},\"image\":{\"@id\":\"https:\/\/mondodelgiardino.com\/en\/tales-of-an-orthotherapist\/#primaryimage\"},\"thumbnailUrl\":\"https:\/\/mondodelgiardino.com\/wp-content\/uploads\/2024\/10\/3_orizzontale.jpg\",\"datePublished\":\"2023-10-27T10:24:46+00:00\",\"dateModified\":\"2025-06-18T09:03:55+00:00\",\"description\":\"The tales of an Orthotherapist show how contact with nature, among emotions, improves the well-being of the elderly and children.\",\"breadcrumb\":{\"@id\":\"https:\/\/mondodelgiardino.com\/en\/tales-of-an-orthotherapist\/#breadcrumb\"},\"inLanguage\":\"en-US\",\"potentialAction\":[{\"@type\":\"ReadAction\",\"target\":[\"https:\/\/mondodelgiardino.com\/en\/tales-of-an-orthotherapist\/\"]}]},{\"@type\":\"ImageObject\",\"inLanguage\":\"en-US\",\"@id\":\"https:\/\/mondodelgiardino.com\/en\/tales-of-an-orthotherapist\/#primaryimage\",\"url\":\"https:\/\/mondodelgiardino.com\/wp-content\/uploads\/2024\/10\/3_orizzontale.jpg\",\"contentUrl\":\"https:\/\/mondodelgiardino.com\/wp-content\/uploads\/2024\/10\/3_orizzontale.jpg\",\"width\":640,\"height\":360},{\"@type\":\"BreadcrumbList\",\"@id\":\"https:\/\/mondodelgiardino.com\/en\/tales-of-an-orthotherapist\/#breadcrumb\",\"itemListElement\":[{\"@type\":\"ListItem\",\"position\":1,\"name\":\"Home\",\"item\":\"https:\/\/mondodelgiardino.com\/en\/\"},{\"@type\":\"ListItem\",\"position\":2,\"name\":\"Tales of an Orthotherapist\"}]},{\"@type\":\"WebSite\",\"@id\":\"https:\/\/mondodelgiardino.com\/en\/#website\",\"url\":\"https:\/\/mondodelgiardino.com\/en\/\",\"name\":\"Mondo del Giardino\",\"description\":\"Cultura del verde\",\"publisher\":{\"@id\":\"https:\/\/mondodelgiardino.com\/en\/#organization\"},\"alternateName\":\"Mondo del Giardino\",\"potentialAction\":[{\"@type\":\"SearchAction\",\"target\":{\"@type\":\"EntryPoint\",\"urlTemplate\":\"https:\/\/mondodelgiardino.com\/en\/?s={search_term_string}\"},\"query-input\":{\"@type\":\"PropertyValueSpecification\",\"valueRequired\":true,\"valueName\":\"search_term_string\"}}],\"inLanguage\":\"en-US\"},{\"@type\":\"Organization\",\"@id\":\"https:\/\/mondodelgiardino.com\/en\/#organization\",\"name\":\"Mondo del Giardino\",\"alternateName\":\"Mondo del Giardino\",\"url\":\"https:\/\/mondodelgiardino.com\/en\/\",\"logo\":{\"@type\":\"ImageObject\",\"inLanguage\":\"en-US\",\"@id\":\"https:\/\/mondodelgiardino.com\/en\/#\/schema\/logo\/image\/\",\"url\":\"https:\/\/mondodelgiardino.com\/wp-content\/uploads\/2024\/07\/Logo-mondo-del-giardino-cultura-del-verde.png\",\"contentUrl\":\"https:\/\/mondodelgiardino.com\/wp-content\/uploads\/2024\/07\/Logo-mondo-del-giardino-cultura-del-verde.png\",\"width\":466,\"height\":366,\"caption\":\"Mondo del Giardino\"},\"image\":{\"@id\":\"https:\/\/mondodelgiardino.com\/en\/#\/schema\/logo\/image\/\"},\"sameAs\":[\"https:\/\/www.facebook.com\/mondodelgiardino\",\"https:\/\/www.instagram.com\/mondodelgiardino\/\",\"https:\/\/www.linkedin.com\/company\/mondo-del-giardino\/\",\"https:\/\/www.youtube.com\/@mondodelgiardinopuntocom\"]},{\"@type\":\"Person\",\"@id\":\"https:\/\/mondodelgiardino.com\/en\/#\/schema\/person\/59fa8845bd0c10f5cfb08a435f1e4d23\",\"name\":\"admin\",\"image\":{\"@type\":\"ImageObject\",\"inLanguage\":\"en-US\",\"@id\":\"https:\/\/mondodelgiardino.com\/en\/#\/schema\/person\/image\/\",\"url\":\"https:\/\/secure.gravatar.com\/avatar\/ca7d6dc7bbdc98d3214c49983f483695e2d0543754ca5ff1eb90cfdf66a96959?s=96&d=mm&r=g\",\"contentUrl\":\"https:\/\/secure.gravatar.com\/avatar\/ca7d6dc7bbdc98d3214c49983f483695e2d0543754ca5ff1eb90cfdf66a96959?s=96&d=mm&r=g\",\"caption\":\"admin\"},\"sameAs\":[\"https:\/\/mondodelgiardino.com\"]}]}<\/script>\n<!-- \/ Yoast SEO plugin. -->","yoast_head_json":{"title":"Tales of an Orthotherapist - Mondo del Giardino","description":"The tales of an Orthotherapist show how contact with nature, among emotions, improves the well-being of the elderly and children.","robots":{"index":"index","follow":"follow","max-snippet":"max-snippet:-1","max-image-preview":"max-image-preview:large","max-video-preview":"max-video-preview:-1"},"canonical":"https:\/\/mondodelgiardino.com\/en\/tales-of-an-orthotherapist\/","og_locale":"en_US","og_type":"article","og_title":"Tales of an Orthotherapist - Mondo del Giardino","og_description":"The tales of an Orthotherapist show how contact with nature, among emotions, improves the well-being of the elderly and children.","og_url":"https:\/\/mondodelgiardino.com\/en\/tales-of-an-orthotherapist\/","og_site_name":"Mondo del Giardino","article_publisher":"https:\/\/www.facebook.com\/mondodelgiardino","article_published_time":"2023-10-27T10:24:46+00:00","article_modified_time":"2025-06-18T09:03:55+00:00","og_image":[{"width":640,"height":360,"url":"https:\/\/mondodelgiardino.com\/wp-content\/uploads\/2024\/10\/3_orizzontale.jpg","type":"image\/jpeg"}],"author":"admin","twitter_card":"summary_large_image","twitter_misc":{"Written by":"admin","Est. reading time":"9 minutes"},"schema":{"@context":"https:\/\/schema.org","@graph":[{"@type":"Article","@id":"https:\/\/mondodelgiardino.com\/en\/tales-of-an-orthotherapist\/#article","isPartOf":{"@id":"https:\/\/mondodelgiardino.com\/en\/tales-of-an-orthotherapist\/"},"author":{"name":"admin","@id":"https:\/\/mondodelgiardino.com\/en\/#\/schema\/person\/59fa8845bd0c10f5cfb08a435f1e4d23"},"headline":"Tales of an Orthotherapist","datePublished":"2023-10-27T10:24:46+00:00","dateModified":"2025-06-18T09:03:55+00:00","mainEntityOfPage":{"@id":"https:\/\/mondodelgiardino.com\/en\/tales-of-an-orthotherapist\/"},"wordCount":3069,"publisher":{"@id":"https:\/\/mondodelgiardino.com\/en\/#organization"},"image":{"@id":"https:\/\/mondodelgiardino.com\/en\/tales-of-an-orthotherapist\/#primaryimage"},"thumbnailUrl":"https:\/\/mondodelgiardino.com\/wp-content\/uploads\/2024\/10\/3_orizzontale.jpg","keywords":["children","creativity","elderly","emotions","garden","horticultural therapy","inclusion","nature","therapy","wellness"],"articleSection":["Books and Culture"],"inLanguage":"en-US"},{"@type":"WebPage","@id":"https:\/\/mondodelgiardino.com\/en\/tales-of-an-orthotherapist\/","url":"https:\/\/mondodelgiardino.com\/en\/tales-of-an-orthotherapist\/","name":"Tales of an Orthotherapist - Mondo del Giardino","isPartOf":{"@id":"https:\/\/mondodelgiardino.com\/en\/#website"},"primaryImageOfPage":{"@id":"https:\/\/mondodelgiardino.com\/en\/tales-of-an-orthotherapist\/#primaryimage"},"image":{"@id":"https:\/\/mondodelgiardino.com\/en\/tales-of-an-orthotherapist\/#primaryimage"},"thumbnailUrl":"https:\/\/mondodelgiardino.com\/wp-content\/uploads\/2024\/10\/3_orizzontale.jpg","datePublished":"2023-10-27T10:24:46+00:00","dateModified":"2025-06-18T09:03:55+00:00","description":"The tales of an Orthotherapist show how contact with nature, among emotions, improves the well-being of the elderly and children.","breadcrumb":{"@id":"https:\/\/mondodelgiardino.com\/en\/tales-of-an-orthotherapist\/#breadcrumb"},"inLanguage":"en-US","potentialAction":[{"@type":"ReadAction","target":["https:\/\/mondodelgiardino.com\/en\/tales-of-an-orthotherapist\/"]}]},{"@type":"ImageObject","inLanguage":"en-US","@id":"https:\/\/mondodelgiardino.com\/en\/tales-of-an-orthotherapist\/#primaryimage","url":"https:\/\/mondodelgiardino.com\/wp-content\/uploads\/2024\/10\/3_orizzontale.jpg","contentUrl":"https:\/\/mondodelgiardino.com\/wp-content\/uploads\/2024\/10\/3_orizzontale.jpg","width":640,"height":360},{"@type":"BreadcrumbList","@id":"https:\/\/mondodelgiardino.com\/en\/tales-of-an-orthotherapist\/#breadcrumb","itemListElement":[{"@type":"ListItem","position":1,"name":"Home","item":"https:\/\/mondodelgiardino.com\/en\/"},{"@type":"ListItem","position":2,"name":"Tales of an Orthotherapist"}]},{"@type":"WebSite","@id":"https:\/\/mondodelgiardino.com\/en\/#website","url":"https:\/\/mondodelgiardino.com\/en\/","name":"Mondo del Giardino","description":"Cultura del verde","publisher":{"@id":"https:\/\/mondodelgiardino.com\/en\/#organization"},"alternateName":"Mondo del Giardino","potentialAction":[{"@type":"SearchAction","target":{"@type":"EntryPoint","urlTemplate":"https:\/\/mondodelgiardino.com\/en\/?s={search_term_string}"},"query-input":{"@type":"PropertyValueSpecification","valueRequired":true,"valueName":"search_term_string"}}],"inLanguage":"en-US"},{"@type":"Organization","@id":"https:\/\/mondodelgiardino.com\/en\/#organization","name":"Mondo del Giardino","alternateName":"Mondo del Giardino","url":"https:\/\/mondodelgiardino.com\/en\/","logo":{"@type":"ImageObject","inLanguage":"en-US","@id":"https:\/\/mondodelgiardino.com\/en\/#\/schema\/logo\/image\/","url":"https:\/\/mondodelgiardino.com\/wp-content\/uploads\/2024\/07\/Logo-mondo-del-giardino-cultura-del-verde.png","contentUrl":"https:\/\/mondodelgiardino.com\/wp-content\/uploads\/2024\/07\/Logo-mondo-del-giardino-cultura-del-verde.png","width":466,"height":366,"caption":"Mondo del Giardino"},"image":{"@id":"https:\/\/mondodelgiardino.com\/en\/#\/schema\/logo\/image\/"},"sameAs":["https:\/\/www.facebook.com\/mondodelgiardino","https:\/\/www.instagram.com\/mondodelgiardino\/","https:\/\/www.linkedin.com\/company\/mondo-del-giardino\/","https:\/\/www.youtube.com\/@mondodelgiardinopuntocom"]},{"@type":"Person","@id":"https:\/\/mondodelgiardino.com\/en\/#\/schema\/person\/59fa8845bd0c10f5cfb08a435f1e4d23","name":"admin","image":{"@type":"ImageObject","inLanguage":"en-US","@id":"https:\/\/mondodelgiardino.com\/en\/#\/schema\/person\/image\/","url":"https:\/\/secure.gravatar.com\/avatar\/ca7d6dc7bbdc98d3214c49983f483695e2d0543754ca5ff1eb90cfdf66a96959?s=96&d=mm&r=g","contentUrl":"https:\/\/secure.gravatar.com\/avatar\/ca7d6dc7bbdc98d3214c49983f483695e2d0543754ca5ff1eb90cfdf66a96959?s=96&d=mm&r=g","caption":"admin"},"sameAs":["https:\/\/mondodelgiardino.com"]}]}},"_links":{"self":[{"href":"https:\/\/mondodelgiardino.com\/en\/wp-json\/wp\/v2\/posts\/5183","targetHints":{"allow":["GET"]}}],"collection":[{"href":"https:\/\/mondodelgiardino.com\/en\/wp-json\/wp\/v2\/posts"}],"about":[{"href":"https:\/\/mondodelgiardino.com\/en\/wp-json\/wp\/v2\/types\/post"}],"author":[{"embeddable":true,"href":"https:\/\/mondodelgiardino.com\/en\/wp-json\/wp\/v2\/users\/1"}],"replies":[{"embeddable":true,"href":"https:\/\/mondodelgiardino.com\/en\/wp-json\/wp\/v2\/comments?post=5183"}],"version-history":[{"count":6,"href":"https:\/\/mondodelgiardino.com\/en\/wp-json\/wp\/v2\/posts\/5183\/revisions"}],"predecessor-version":[{"id":11873,"href":"https:\/\/mondodelgiardino.com\/en\/wp-json\/wp\/v2\/posts\/5183\/revisions\/11873"}],"wp:featuredmedia":[{"embeddable":true,"href":"https:\/\/mondodelgiardino.com\/en\/wp-json\/wp\/v2\/media\/5160"}],"wp:attachment":[{"href":"https:\/\/mondodelgiardino.com\/en\/wp-json\/wp\/v2\/media?parent=5183"}],"wp:term":[{"taxonomy":"category","embeddable":true,"href":"https:\/\/mondodelgiardino.com\/en\/wp-json\/wp\/v2\/categories?post=5183"},{"taxonomy":"post_tag","embeddable":true,"href":"https:\/\/mondodelgiardino.com\/en\/wp-json\/wp\/v2\/tags?post=5183"}],"curies":[{"name":"wp","href":"https:\/\/api.w.org\/{rel}","templated":true}]}}