{"id":5570,"date":"2023-05-05T15:29:16","date_gmt":"2023-05-05T15:29:16","guid":{"rendered":"https:\/\/new.mondodelgiardino.com\/?p=5570"},"modified":"2025-06-19T10:27:59","modified_gmt":"2025-06-19T10:27:59","slug":"theory-of-pruning-plants","status":"publish","type":"post","link":"https:\/\/mondodelgiardino.com\/en\/theory-of-pruning-plants\/","title":{"rendered":"Theory of Pruning plants"},"content":{"rendered":"<p>[et_pb_section fb_built=&#8221;1&#8243; admin_label=&#8221;Testo (100%)&#8221; _builder_version=&#8221;4.27.0&#8243; _module_preset=&#8221;default&#8221; global_colors_info=&#8221;{}&#8221;][et_pb_row _builder_version=&#8221;4.27.0&#8243; _module_preset=&#8221;default&#8221; width=&#8221;100%&#8221; custom_padding=&#8221;0px||0px||false|false&#8221; global_colors_info=&#8221;{}&#8221;][et_pb_column type=&#8221;4_4&#8243; _builder_version=&#8221;4.27.0&#8243; _module_preset=&#8221;default&#8221; global_colors_info=&#8221;{}&#8221;][et_pb_text _builder_version=&#8221;4.27.4&#8243; _module_preset=&#8221;default&#8221; global_colors_info=&#8221;{}&#8221;]<\/p>\n<h5 class=\"entry-title\">Learning theory of pruning plants in the garden is essential to maintaining a healthy and harmonious outdoor space. Observation is the first step, followed by theoretical knowledge on times, methods and tools. Each type of plant requires a different approach, and pruning must always respect its natural needs. Correct pruning not only improves aesthetics, but guarantees the health and flowering of plants. Theory always precedes practice.<\/h5>\n<p>&nbsp;<\/p>\n<p>[\/et_pb_text][\/et_pb_column][\/et_pb_row][\/et_pb_section][et_pb_section fb_built=&#8221;1&#8243; admin_label=&#8221;Testo (100%)&#8221; _builder_version=&#8221;4.27.0&#8243; _module_preset=&#8221;default&#8221; global_colors_info=&#8221;{}&#8221;][et_pb_row _builder_version=&#8221;4.27.0&#8243; _module_preset=&#8221;default&#8221; width=&#8221;100%&#8221; custom_padding=&#8221;0px||0px||false|false&#8221; global_colors_info=&#8221;{}&#8221;][et_pb_column type=&#8221;4_4&#8243; _builder_version=&#8221;4.27.0&#8243; _module_preset=&#8221;default&#8221; global_colors_info=&#8221;{}&#8221;][et_pb_text _builder_version=&#8221;4.27.4&#8243; _module_preset=&#8221;default&#8221; global_colors_info=&#8221;{}&#8221;]<\/p>\n<p>Theory of Pruning plants in the garden<\/p>\n<h2>How are ornamental plants pruned? and the flowering plants? where to cut and what is the right month to prune plants in the garden?<\/h2>\n<p>In this series of articles on pruning plants we will find answers to all the questions that may come to mind so that you can take care of your garden in the best possible way.<\/p>\n<p>As it should be, before moving on to practice we start from theory. You don&#8217;t want to improvise and prune your plants the wrong way, do you?<\/p>\n<p>The first step in learning how to prune the plants in our garden is certainly to observe them.<\/p>\n<h3>Observation in the garden is very important because it leads to good decisions!<\/h3>\n<p>Theory of pruning plants in the garden is as important as observation. Theory and observation set in motion the search for the best solutions for your individual space. General rules help make decisions and professionals are best placed to apply them, but you know your garden and can contribute to the choices.<\/p>\n<h3>But what do you have to observe?<\/h3>\n<blockquote>\n<p>Observe how the plant or hedge has grown. You may notice that it hasn&#8217;t grown smoothly. Perhaps you will notice that it is not so much the amount of leaves but that of the branches that is exaggerated. Perhaps you will notice that the problem is only that it transfers to another property but on your side you like it that way and only some branches are disharmonious.<\/p>\n<p>Well. If you have noticed something like this, you have already done an excellent job of observation and are starting to understand how to prune.<\/p>\n<\/blockquote>\n<h2>\u00a0<\/h2>\n<h2>Pruning plants: Let&#8217;s start with philosophy<\/h2>\n<p>First of all let&#8217;s say that it is better not to prune. How you do it? Just choose the plants that are suitable for a certain size of place. If I have 4 square meters, for example, I can put no more than three shrubs of a maximum of 1.2m. in diameter because I overlap them a bit. If I want a tree in the same area, I can only plant a conical plant or a very small tree like a dwarf apple tree.<\/p>\n<h3>Pruning doesn&#8217;t help plants<\/h3>\n<p>It helps us that either we have chosen a plant badly for that point of the garden, too small to accommodate it, we have performed the plant poorly &#8211; too close to something &#8211; or, finally, we have such a small green space that any plant should be pruned.<\/p>\n<p>The explanations of why pruning is bad for the plant are important and can be found well articulated <span style=\"text-decoration: underline;\"><a href=\"https:\/\/palmieri.studio\/la-potatura-fa-bene-alle-piante-e-sempre-necessario-potare\/\" target=\"_blank\" rel=\"noopener\">at this link.<\/a><\/span><\/p>\n<p>It is important to know that we are doing a practice that will create a problem for the plant <strong>to have respect in doing it and minimize the damage<\/strong>.<\/p>\n<h3>How, when and why to prune plants in a nutshell<\/h3>\n<p><em>\u201cThe buds of plants that flower between winter and early spring on one-year-old branches were formed during the previous summer. Conversely, the buds of plants with later flowering (end of spring, autumn) have formed and will open on the new vegetation (year branch). The cutting operations must therefore be carried out at the end of flowering in the first case and before the vegetative restart in the second case. Long pruning will also be done on very vigorous plants or plants that have borne few flowers and short pruning on weak, underdeveloped plants or plants that have borne many flowers. The cutting of broken branches, dry ones, branches that are too old should preferably be done at the end of the winter season, except for evergreen plants on which it is always advisable to intervene when the danger of frost has passed.<\/em><\/p>\n<p><em>Plants whose flowers have no ornamental importance should be pruned keeping in mind only their vegetative luxuriance, remembering however the aforementioned different need existing between deciduous and evergreen subjects.<\/em> (from &#8220;La potatura delle piante ornamentali&#8221; by Giuseppe Serini ed. Edagricole 1998)<\/p>\n<p><strong>You could also stop here to read because these are the rules, but what are the plants that bloom on the branches of the year? And which ones on those of the previous year? And are there other behaviors, perhaps anomalous?<\/strong><\/p>\n<p>&nbsp;<\/p>\n<p>[\/et_pb_text][\/et_pb_column][\/et_pb_row][\/et_pb_section][et_pb_section fb_built=&#8221;1&#8243; admin_label=&#8221;Immagine (100%)&#8221; _builder_version=&#8221;4.27.0&#8243; custom_padding=&#8221;0px||20px||false|false&#8221; collapsed=&#8221;off&#8221; global_colors_info=&#8221;{}&#8221;][et_pb_row admin_label=&#8221;Riga&#8221; _builder_version=&#8221;4.27.0&#8243; background_size=&#8221;initial&#8221; background_position=&#8221;top_left&#8221; background_repeat=&#8221;repeat&#8221; width=&#8221;100%&#8221; custom_padding=&#8221;0px||0px||false|false&#8221; global_colors_info=&#8221;{}&#8221;][et_pb_column type=&#8221;4_4&#8243; _builder_version=&#8221;4.16&#8243; custom_padding=&#8221;|||&#8221; global_colors_info=&#8221;{}&#8221; custom_padding__hover=&#8221;|||&#8221;][et_pb_image src=&#8221;https:\/\/mondodelgiardino.com\/wp-content\/uploads\/2023\/05\/pruning-shears-Christian-Riedl-da-Pixabay.jpg&#8221; title_text=&#8221;pruning-shears-Christian Riedl da Pixabay&#8221; show_in_lightbox=&#8221;on&#8221; force_fullwidth=&#8221;on&#8221; _builder_version=&#8221;4.27.2&#8243; _module_preset=&#8221;default&#8221; global_colors_info=&#8221;{}&#8221;][\/et_pb_image][\/et_pb_column][\/et_pb_row][\/et_pb_section][et_pb_section fb_built=&#8221;1&#8243; admin_label=&#8221;Testo (100%)&#8221; _builder_version=&#8221;4.27.0&#8243; _module_preset=&#8221;default&#8221; global_colors_info=&#8221;{}&#8221;][et_pb_row _builder_version=&#8221;4.27.0&#8243; _module_preset=&#8221;default&#8221; width=&#8221;100%&#8221; custom_padding=&#8221;0px||0px||false|false&#8221; global_colors_info=&#8221;{}&#8221;][et_pb_column type=&#8221;4_4&#8243; _builder_version=&#8221;4.27.0&#8243; _module_preset=&#8221;default&#8221; global_colors_info=&#8221;{}&#8221;][et_pb_text _builder_version=&#8221;4.27.4&#8243; _module_preset=&#8221;default&#8221; global_colors_info=&#8221;{}&#8221;]<\/p>\n<p>&nbsp;<\/p>\n<h2>Pruning plants: An important chapter on tools!<\/h2>\n<p>If you want to proceed with the pruning you must equip yourself with tools of a certain quality (which perhaps you can buy used: a good used brand is better than a bad new one) and keep them clean and in good working order. In fact, a malfunctioning tool becomes very dangerous even for those who use it.<\/p>\n<blockquote>\n<p>Before storing it in a dry and clean place, once the work is finished, it must be cleaned of grass and any resin and dried. If necessary, it must be disassembled and cleaned better. The dry place of shelter and drying are to prevent the iron parts from rusting. We therefore recommend checking the tools about ten days before the job to make sure you don&#8217;t have to do repair work (by yourself or through a service) or change parts such as blades or engine.<\/p>\n<\/blockquote>\n<p>For the purchase of the necessary tools and for a series of other interesting tips, I refer you to this article in <a href=\"https:\/\/www.capoverde.com\/fiori-piante\/la-potatura-delle-piante-ornamentali-perche\/\" target=\"_blank\" rel=\"noopener\"><span style=\"text-decoration: underline;\">Capoverde<\/span><\/a><\/p>\n<p>&nbsp;<\/p>\n<p>[\/et_pb_text][\/et_pb_column][\/et_pb_row][\/et_pb_section][et_pb_section fb_built=&#8221;1&#8243; admin_label=&#8221;Masonry (100%)&#8221; _builder_version=&#8221;4.27.0&#8243; custom_padding=&#8221;0px||0px||false|false&#8221; locked=&#8221;off&#8221; collapsed=&#8221;off&#8221; global_colors_info=&#8221;{}&#8221;][et_pb_row make_equal=&#8221;on&#8221; admin_label=&#8221;Riga&#8221; _builder_version=&#8221;4.27.0&#8243; background_size=&#8221;initial&#8221; background_position=&#8221;top_left&#8221; background_repeat=&#8221;repeat&#8221; width=&#8221;100%&#8221; custom_padding=&#8221;0px||0px||false|false&#8221; global_colors_info=&#8221;{}&#8221;][et_pb_column type=&#8221;4_4&#8243; _builder_version=&#8221;4.16&#8243; custom_padding=&#8221;|||&#8221; global_colors_info=&#8221;{}&#8221; custom_padding__hover=&#8221;|||&#8221;][dmg_masonry_gallery gallery=&#8221;5561&#8243; columns=&#8221;1&#8243; gutter=&#8221;20&#8243; images_size=&#8221;dmg_image_extra_large&#8221; modal_title=&#8221;on&#8221; hover_overlay_effect=&#8221;overlay_image_data&#8221; hover_overlay_color=&#8221;#0d321a&#8221; overlay_title_size=&#8221;14px&#8221; show_overlay_caption=&#8221;off&#8221; overlay_content_animation=&#8221;dmg-visible-bottom&#8221; _builder_version=&#8221;4.27.2&#8243; _module_preset=&#8221;default&#8221; title_text_align=&#8221;left&#8221; global_colors_info=&#8221;{}&#8221;][\/dmg_masonry_gallery][\/et_pb_column][\/et_pb_row][\/et_pb_section][et_pb_section fb_built=&#8221;1&#8243; admin_label=&#8221;Testo (100%)&#8221; _builder_version=&#8221;4.27.0&#8243; _module_preset=&#8221;default&#8221; global_colors_info=&#8221;{}&#8221;][et_pb_row _builder_version=&#8221;4.27.0&#8243; _module_preset=&#8221;default&#8221; width=&#8221;100%&#8221; custom_padding=&#8221;0px||0px||false|false&#8221; global_colors_info=&#8221;{}&#8221;][et_pb_column type=&#8221;4_4&#8243; _builder_version=&#8221;4.27.0&#8243; _module_preset=&#8221;default&#8221; global_colors_info=&#8221;{}&#8221;][et_pb_text _builder_version=&#8221;4.27.4&#8243; _module_preset=&#8221;default&#8221; global_colors_info=&#8221;{}&#8221;]<\/p>\n<p>&nbsp;<\/p>\n<h2>What is the right month to prune the plants in our garden? How to do it and where to cut?<\/h2>\n<h3>Another very important chapter on pruning concerns the type of plant to be pruned.<\/h3>\n<p>In fact, not all plants behave in the same way and flower or bear fruit in the same period and for this reason we must ascertain how the plant behaves that we must prune in order not to lose blooms and berries &#8211; which is perhaps the reason why we chose them .<\/p>\n<blockquote>\n<p>Being a fundamental list, we decided to make an introductory speech and then to insert some lists of plants both in the article and as a pdf so that we could print it and take it to the garden.<\/p>\n<\/blockquote>\n<p>We&#8217;ll list the bloom behaviors below, but we&#8217;ll develop that in next week&#8217;s article.<\/p>\n<p>&nbsp;<\/p>\n<h2>What kind of plants can we have in our garden? How are they pruned?<\/h2>\n<h3>We can divide the plants into 5 groups (oh, I know there are many):<\/h3>\n<ul>\n<li><strong>plants that flower on branches born in the current year,<\/strong> i.e. on those branches born in the last vegetative restart;<\/li>\n<li><strong>plants that flower on branches born in the current year (as above) but on secondary branches<\/strong>, i.e. \u00a0a new branch that forms on another branch that is one year old or more \u00a0and that flowers in the same year in which it is formed;<\/li>\n<li><strong>plants that flower on branches of at least one year<\/strong>, i.e. those branches born in the penultimate vegetative restart;<\/li>\n<li><strong>plants that flower on branches of two or more years<\/strong> (also called old)<\/li>\n<li><strong>and particular cases<\/strong> such as that of the <strong>Hydrangea ortensis<\/strong> (Ortensia) which blooms twice a year on two different types of branch. In <strong>June<\/strong> \u00a0on the tips of 1-year-old branches (the straight ones, without ramifications and with the bark still green) while in strong, <strong>\u00a0on the new branches (secondary branches of the year) just laterally produced on already old and on 1-year branches.<\/strong><\/li>\n<\/ul>\n<p>&nbsp;<\/p>\n<p>[\/et_pb_text][\/et_pb_column][\/et_pb_row][\/et_pb_section][et_pb_section fb_built=&#8221;1&#8243; admin_label=&#8221;Immagine (100%)&#8221; _builder_version=&#8221;4.27.0&#8243; custom_padding=&#8221;0px||20px||false|false&#8221; collapsed=&#8221;off&#8221; global_colors_info=&#8221;{}&#8221;][et_pb_row admin_label=&#8221;Riga&#8221; _builder_version=&#8221;4.27.0&#8243; background_size=&#8221;initial&#8221; background_position=&#8221;top_left&#8221; background_repeat=&#8221;repeat&#8221; width=&#8221;100%&#8221; custom_padding=&#8221;0px||0px||false|false&#8221; global_colors_info=&#8221;{}&#8221;][et_pb_column type=&#8221;4_4&#8243; _builder_version=&#8221;4.16&#8243; custom_padding=&#8221;|||&#8221; global_colors_info=&#8221;{}&#8221; custom_padding__hover=&#8221;|||&#8221;][et_pb_image src=&#8221;https:\/\/mondodelgiardino.com\/wp-content\/uploads\/2023\/05\/tree-sandid-da-Pixabay.jpg&#8221; title_text=&#8221;tree-sandid da Pixabay&#8221; show_in_lightbox=&#8221;on&#8221; force_fullwidth=&#8221;on&#8221; _builder_version=&#8221;4.27.2&#8243; _module_preset=&#8221;default&#8221; global_colors_info=&#8221;{}&#8221;]<\/p>\n<p>&nbsp;<\/p>\n<h2>Pruning plants: The next chapters<\/h2>\n<p>We&#8217;re done for this week. I know, the feeling is of being left in the middle of the speech. We&#8217;ll actually leave you to a third party.<\/p>\n<p>Yes, the topic is very broad and we have decided to divide it into three sections: <strong>The Theory, The Plants and The Examples.<\/strong><\/p>\n<blockquote>\n<p>Next Friday we will provide you with the list of the most cultivated essences with the pruning treatment for each one and the following Friday we will delight you with the pruning examples: clearer than that!!<\/p>\n<\/blockquote>\n<p>&nbsp;<\/p>\n<p>[\/et_pb_image][\/et_pb_column][\/et_pb_row][\/et_pb_section][et_pb_section fb_built=&#8221;1&#8243; admin_label=&#8221;Testo (100%)&#8221; _builder_version=&#8221;4.27.0&#8243; _module_preset=&#8221;default&#8221; global_colors_info=&#8221;{}&#8221;][et_pb_row _builder_version=&#8221;4.27.0&#8243; _module_preset=&#8221;default&#8221; width=&#8221;100%&#8221; custom_padding=&#8221;0px||0px||false|false&#8221; global_colors_info=&#8221;{}&#8221;][et_pb_column type=&#8221;4_4&#8243; _builder_version=&#8221;4.27.0&#8243; _module_preset=&#8221;default&#8221; global_colors_info=&#8221;{}&#8221;][et_pb_text _builder_version=&#8221;4.27.2&#8243; _module_preset=&#8221;default&#8221; global_colors_info=&#8221;{}&#8221;]<\/p>\n<p>&nbsp;<\/p>\n<h2>La potatura delle piante: I prossimi capitoli<\/h2>\n<p>Per questa settimana abbiamo finito. Lo so, la sensazione \u00e8 di essere lasciati a met\u00e0 del discorso. In realt\u00e0 vi lasciamo ad un terzo.<\/p>\n<p>Si, l\u2019argomento \u00e8 molto ampio e abbiamo deciso di dividerlo in tre le sezioni: <strong>La Teoria, Le Piante e Gli esempi.<\/strong><\/p>\n<blockquote>\n<p>Venerd\u00ec prossimo vi forniremo l\u2019elenco delle essenze pi\u00f9 coltivate con il trattamento di potatura per ognuna ed il venerd\u00ec dopo vi delizieremo con gli esempi di potatura: pi\u00f9 chiaro di cos\u00ec!!<\/p>\n<\/blockquote>\n<p>&nbsp;<\/p>\n<p>[\/et_pb_text][\/et_pb_column][\/et_pb_row][\/et_pb_section][et_pb_section fb_built=&#8221;1&#8243; admin_label=&#8221;Immagine (100%)&#8221; _builder_version=&#8221;4.27.0&#8243; custom_padding=&#8221;0px||20px||false|false&#8221; collapsed=&#8221;off&#8221; global_colors_info=&#8221;{}&#8221;][et_pb_row admin_label=&#8221;Riga&#8221; _builder_version=&#8221;4.27.0&#8243; background_size=&#8221;initial&#8221; background_position=&#8221;top_left&#8221; background_repeat=&#8221;repeat&#8221; width=&#8221;100%&#8221; custom_padding=&#8221;0px||0px||false|false&#8221; global_colors_info=&#8221;{}&#8221;][et_pb_column type=&#8221;4_4&#8243; _builder_version=&#8221;4.16&#8243; custom_padding=&#8221;|||&#8221; global_colors_info=&#8221;{}&#8221; custom_padding__hover=&#8221;|||&#8221;][et_pb_image src=&#8221;https:\/\/mondodelgiardino.com\/wp-content\/uploads\/2023\/05\/beautiful-flowers-Bruno-Germany-da-Pixabay.jpg&#8221; title_text=&#8221;beautiful-flowers-Bruno Germany da Pixabay&#8221; show_in_lightbox=&#8221;on&#8221; force_fullwidth=&#8221;on&#8221; _builder_version=&#8221;4.27.2&#8243; _module_preset=&#8221;default&#8221; global_colors_info=&#8221;{}&#8221;][\/et_pb_image][\/et_pb_column][\/et_pb_row][\/et_pb_section][et_pb_section fb_built=&#8221;1&#8243; admin_label=&#8221;Consiglio MDG&#8221; _builder_version=&#8221;4.27.0&#8243; _module_preset=&#8221;default&#8221; custom_margin=&#8221;30px||20px||false|false&#8221; custom_padding=&#8221;10px|20px|20px|20px|false|true&#8221; border_radii=&#8221;on|15px|15px|15px|15px&#8221; border_width_all=&#8221;4px&#8221; border_color_all=&#8221;#d5de75&#8243; global_colors_info=&#8221;{}&#8221;][et_pb_row _builder_version=&#8221;4.27.0&#8243; _module_preset=&#8221;default&#8221; width=&#8221;100%&#8221; custom_padding=&#8221;0px||0px||false|false&#8221; global_colors_info=&#8221;{}&#8221;][et_pb_column type=&#8221;4_4&#8243; _builder_version=&#8221;4.27.0&#8243; _module_preset=&#8221;default&#8221; global_colors_info=&#8221;{}&#8221;][et_pb_text _builder_version=&#8221;4.27.2&#8243; _module_preset=&#8221;default&#8221; global_colors_info=&#8221;{}&#8221;]<\/p>\n<h1>The mondo del giardino advice<\/h1>\n<p>You have time this week to soak up the theory while sitting in your garden looking at your plants.<\/p>\n<p>[\/et_pb_text][\/et_pb_column][\/et_pb_row][\/et_pb_section][et_pb_section fb_built=&#8221;1&#8243; admin_label=&#8221;Testo (100%)&#8221; _builder_version=&#8221;4.27.0&#8243; _module_preset=&#8221;default&#8221; global_colors_info=&#8221;{}&#8221;][et_pb_row _builder_version=&#8221;4.27.0&#8243; _module_preset=&#8221;default&#8221; width=&#8221;100%&#8221; custom_padding=&#8221;0px||0px||false|false&#8221; global_colors_info=&#8221;{}&#8221;][et_pb_column type=&#8221;4_4&#8243; _builder_version=&#8221;4.27.0&#8243; _module_preset=&#8221;default&#8221; global_colors_info=&#8221;{}&#8221;][et_pb_text _builder_version=&#8221;4.27.2&#8243; _module_preset=&#8221;default&#8221; global_colors_info=&#8221;{}&#8221;]<\/p>\n<p>Ora a cavallo! Il lavoro ci aspetta! Il nostro nuovo meraviglioso spazio esterno sta per nascere!<\/p>\n<p>BUON LAVORO e\u2026se avete domande scrivete pure a <span style=\"text-decoration: underline;\"><a href=\"mailto:info@mondodelgiardino.com\">info@mondodelgiardino.com<\/a><\/span><\/p>\n<p>Fonti delle immagini: si ringrazia Pixabay ed in particolare Stefan Schweihofer per la foto dei social, Stefan \u00d6stman per le cesoie sul ramo, Christian Riedl per le forbici sul ramo, sandid per la motosega e per il caschetto sul tronco, Bruno Germany pe le cesoie tra i fiori.<\/p>\n<p>[\/et_pb_text][\/et_pb_column][\/et_pb_row][\/et_pb_section]<\/p>\n","protected":false},"excerpt":{"rendered":"<p>Does pruning make you put your hands in your hair? Indeed it seems to be quite a responsibility to the plant, to the neighbors and to yourself.<\/p>\n","protected":false},"author":1,"featured_media":5563,"comment_status":"closed","ping_status":"closed","sticky":false,"template":"","format":"standard","meta":{"_et_pb_use_builder":"on","_et_pb_old_content":"[et_pb_section fb_built=\"1\" admin_label=\"Testo (100%)\" _builder_version=\"4.27.0\" _module_preset=\"default\" global_colors_info=\"{}\" theme_builder_area=\"post_content\"][et_pb_row _builder_version=\"4.27.0\" _module_preset=\"default\" width=\"100%\" custom_padding=\"0px||0px||false|false\" global_colors_info=\"{}\" theme_builder_area=\"post_content\"][et_pb_column type=\"4_4\" _builder_version=\"4.27.0\" _module_preset=\"default\" global_colors_info=\"{}\" theme_builder_area=\"post_content\"][et_pb_text _builder_version=\"4.27.2\" _module_preset=\"default\" hover_enabled=\"0\" global_colors_info=\"{}\" theme_builder_area=\"post_content\" sticky_enabled=\"0\"]<h2>Come si potano le piante ornamentali? e le piante da fiori? dove tagliare e qual \u00e8 il mese giusto per potare le piante in giardino?<\/h2>\r\n<p>In questa serie di articoli sulla potatura delle piante troveremo una risposta a tutte le domande che possono venirvi in mente cos\u00ec che possiate occuparvi al meglio del vostro giardino.<\/p>\r\n<p>Com'\u00e8 giusto che sia, prima di passare alla pratica si parte dalla teoria. Non volete improvvisare e potare nel modo sbagliato le vostre piante, no?<\/p>\r\n<p>Il primo passo per imparare a potare le piante del nostro giardino \u00e8 sicuramente osservarle.<\/p>\r\n<h3>L\u2019osservazione in giardino \u00e8 importantissima perch\u00e9 porta alle buone decisioni!<\/h3>\r\n<p>Osservare mette in moto in testa le motivazioni dei pro e dei contro ed anche se poi voi pensate di non starci pensando pi\u00f9, sotto la superficie della coscienza la vostra mente analizza e cerca soluzioni.<\/p>\r\n<h3>Ma cosa dovete osservare?<\/h3>\r\n<blockquote>\r\n<p>Osservate com\u2019\u00e8 cresciuta la pianta o la siepe. Forse noterete che non \u00e8 cresciuta in modo armonico. Forse noterete che non \u00e8 tanto la quantit\u00e0 di foglie ma quella dei rami ad essere esagerata. Forse noterete che il problema \u00e8 solo che trasborda in un\u2019altra propriet\u00e0 ma dalla vostra parte vi piace cos\u00ec e solo qualche ramo \u00e8 disarmonico.<\/p>\r\n<p>Bene. Se vi siete accorti di qualcosa del genere avete fatto gi\u00e0 un ottimo lavoro di osservazione e vi avviate a capire come potare.<\/p>\r\n<\/blockquote>\r\n<h2>\u00a0<\/h2>\r\n<h2>La potatura delle piante: Partiamo dalla filosofia<\/h2>\r\n<p>Prima di tutto diciamo che \u00e8 meglio non potare. Come si fa? Basta scegliere le piante adatte ad una certa dimensione di luogo. Se ho 4 metri quadri, per esempio, posso mettere non pi\u00f9 di tre arbusti di massimo 1,2 m. di diametro perch\u00e9 li sovrappongo un po\u2019. Se nella stessa area desidero un albero posso impiantare solo una pianta a forma conica o un piccolissimo albero come un melo nano.<\/p>\r\n<h3>Potare non serve alle piante<\/h3>\r\n<p>Serve a noi che o abbiamo scelto male una pianta per quel punto del giardino, troppo piccolo per accoglierla, abbiamo eseguito male l\u2019impianto \u2013 troppo vicino a qualcosa \u2013 o, infine, abbiamo uno spazio verde cos\u00ec piccolo che qualsiasi pianta andrebbe potata.<\/p>\r\n<p>Le spiegazioni del perch\u00e9 la potatura fa male alla pianta sono importanti e le trovate ben articolate <span style=\"text-decoration: underline;\"><a href=\"https:\/\/palmieri.studio\/la-potatura-fa-bene-alle-piante-e-sempre-necessario-potare\/\" target=\"_blank\" rel=\"noopener\">a questo link<\/a><\/span>.<\/p>\r\n<p>\u00c8 importante sapere che stiamo facendo una pratica che creer\u00e0 un problema alla pianta <strong>per avere rispetto nel farla e rendere minimo il danno<\/strong>.<\/p>\r\n<h3>Come, quando e perch\u00e8 potare le piante in breve<\/h3>\r\n<p><em>\u201cLe gemme delle piante che fioriscono tra inverno e inizio primavera sui rami di un anno si sono formate durante l\u2019estate precedente. All\u2019opposto, le gemme delle piante con fioritura pi\u00f9 tardiva (fine primavera, autunno) si sono formate e schiuderanno sulla nuova vegetazione (ramo dell\u2019anno). Gli interventi cesori vanno pertanto eseguiti al termine della fioritura nel primo caso e prima della ripresa vegetativa nel secondo caso. Si faranno inoltre potature lunghe su piante molto vigorose o che hanno portato pochi fiori e potature corte su piante deboli, poco sviluppate o che hanno portato molti fiori. Il taglio dei rami rotti, di quelli secchi, delle branche troppo vecchie va eseguito preferibilmente alla fine della stagione invernale, eccetto che nelle piante sempreverdi sulle quali \u00e8 sempre opportuno intervenire quando il pericolo delle gelate \u00e8 passato.<\/em><\/p>\r\n<p><em>Le piante i cui fiori non hanno importanza ornamentale vanno potate tenendo presente solo il loro rigoglio vegetativo, ricordando per\u00f2 la gi\u00e0 citata differente esigenza esistente tra soggetti a foglia caduca e sempreverdi.\u201d<\/em> (da \u201cLa potatura delle piante ornamentali\u201d di Giuseppe Serini ed. Edagricole 1998)<\/p>\r\n<p><strong>Potreste anche fermarvi qui a leggere perch\u00e9 le regole sono queste, ma quali sono le piante che fioriscono sui rami dell\u2019anno? E quali su quelli dell\u2019anno precedente? E ci sono altri comportamenti, magari anomali?<\/strong><\/p>\r\n<p>\u00a0<\/p>[\/et_pb_text][\/et_pb_column][\/et_pb_row][\/et_pb_section][et_pb_section fb_built=\"1\" admin_label=\"Immagine (100%)\" _builder_version=\"4.27.0\" custom_padding=\"0px||20px||false|false\" collapsed=\"off\" global_colors_info=\"{}\" theme_builder_area=\"post_content\"][et_pb_row admin_label=\"Riga\" _builder_version=\"4.27.0\" background_size=\"initial\" background_position=\"top_left\" background_repeat=\"repeat\" width=\"100%\" custom_padding=\"0px||0px||false|false\" global_colors_info=\"{}\" theme_builder_area=\"post_content\"][et_pb_column type=\"4_4\" _builder_version=\"4.16\" custom_padding=\"|||\" global_colors_info=\"{}\" custom_padding__hover=\"|||\" theme_builder_area=\"post_content\"][et_pb_image src=\"https:\/\/mondodelgiardino.com\/wp-content\/uploads\/2023\/05\/pruning-shears-Christian-Riedl-da-Pixabay.jpg\" title_text=\"pruning-shears-Christian Riedl da Pixabay\" show_in_lightbox=\"on\" force_fullwidth=\"on\" _builder_version=\"4.27.2\" _module_preset=\"default\" hover_enabled=\"0\" global_colors_info=\"{}\" theme_builder_area=\"post_content\" sticky_enabled=\"0\"][\/et_pb_image][\/et_pb_column][\/et_pb_row][\/et_pb_section][et_pb_section fb_built=\"1\" admin_label=\"Testo (100%)\" _builder_version=\"4.27.0\" _module_preset=\"default\" global_colors_info=\"{}\" theme_builder_area=\"post_content\"][et_pb_row _builder_version=\"4.27.0\" _module_preset=\"default\" width=\"100%\" custom_padding=\"0px||0px||false|false\" global_colors_info=\"{}\" theme_builder_area=\"post_content\"][et_pb_column type=\"4_4\" _builder_version=\"4.27.0\" _module_preset=\"default\" global_colors_info=\"{}\" theme_builder_area=\"post_content\"][et_pb_text _builder_version=\"4.27.2\" _module_preset=\"default\" hover_enabled=\"0\" global_colors_info=\"{}\" theme_builder_area=\"post_content\" sticky_enabled=\"0\"]<p>\u00a0<\/p>\r\n<h2>La potatura delle piante: Un importante capitolo sugli attrezzi!<\/h2>\r\n<p>Se volete procedere voi alla potatura dovete munirvi di attrezzi di una certa qualit\u00e0 (che magari potete acquistare usati: meglio una buona marca usata che una pessima marca nuova) e tenerli puliti e ben funzionanti. Un attrezzo malfunzionante infatti diventa molto pericoloso anche per chi lo utilizza.<\/p>\r\n<blockquote>\r\n<p>Prima di riporlo in un luogo asciutto e pulito, finito il lavoro, va pulito da erba ed eventuale resina ed asciugato. Se \u00e8 necessario va smontato e pulito meglio. Il luogo di asciutto di ricovero e l\u2019asciugatura sono per evitare che le parti in ferro si arrugginiscano. Consigliamo quindi di controllare gli attrezzi una decina di giorni prima del lavoro per assicurarsi di non dover fare lavori di riparazione (da soli o attraverso un service) o di cambio di parti come lame o motore.<\/p>\r\n<\/blockquote>\r\n<p>Per l\u2019acquisto degli attrezzi necessari e per una serie di altri interessanti consigli vi rimando a questo articolo di <a href=\"https:\/\/www.capoverde.com\/fiori-piante\/la-potatura-delle-piante-ornamentali-perche\/\" target=\"_blank\" rel=\"noopener\"><span style=\"text-decoration: underline;\">capoverde<\/span><\/a><\/p>\r\n<p>\u00a0<\/p>[\/et_pb_text][\/et_pb_column][\/et_pb_row][\/et_pb_section][et_pb_section fb_built=\"1\" admin_label=\"Masonry (100%)\" _builder_version=\"4.27.0\" custom_padding=\"0px||0px||false|false\" locked=\"off\" collapsed=\"off\" global_colors_info=\"{}\" theme_builder_area=\"post_content\"][et_pb_row make_equal=\"on\" admin_label=\"Riga\" _builder_version=\"4.27.0\" background_size=\"initial\" background_position=\"top_left\" background_repeat=\"repeat\" width=\"100%\" custom_padding=\"0px||0px||false|false\" global_colors_info=\"{}\" theme_builder_area=\"post_content\"][et_pb_column type=\"4_4\" _builder_version=\"4.16\" custom_padding=\"|||\" global_colors_info=\"{}\" custom_padding__hover=\"|||\" theme_builder_area=\"post_content\"][dmg_masonry_gallery gallery=\"5560\" columns=\"1\" gutter=\"20\" images_size=\"dmg_image_extra_large\" modal_title=\"on\" hover_overlay_effect=\"overlay_image_data\" hover_overlay_color=\"#0d321a\" overlay_title_size=\"14px\" show_overlay_caption=\"off\" overlay_content_animation=\"dmg-visible-bottom\" _builder_version=\"4.27.2\" _module_preset=\"default\" title_text_align=\"left\" hover_enabled=\"0\" global_colors_info=\"{}\" theme_builder_area=\"post_content\" sticky_enabled=\"0\"][\/dmg_masonry_gallery][\/et_pb_column][\/et_pb_row][\/et_pb_section][et_pb_section fb_built=\"1\" admin_label=\"Testo (100%)\" _builder_version=\"4.27.0\" _module_preset=\"default\" global_colors_info=\"{}\" theme_builder_area=\"post_content\"][et_pb_row _builder_version=\"4.27.0\" _module_preset=\"default\" width=\"100%\" custom_padding=\"0px||0px||false|false\" global_colors_info=\"{}\" theme_builder_area=\"post_content\"][et_pb_column type=\"4_4\" _builder_version=\"4.27.0\" _module_preset=\"default\" global_colors_info=\"{}\" theme_builder_area=\"post_content\"][et_pb_text _builder_version=\"4.27.2\" _module_preset=\"default\" hover_enabled=\"0\" global_colors_info=\"{}\" theme_builder_area=\"post_content\" sticky_enabled=\"0\"]<p>\u00a0<\/p>\r\n<h2>Qual \u00e8 il mese giusto per potare le piante del nostro giardino? Come farlo e dove tagliare?<\/h2>\r\n<h3>Un altro importantissimo capitolo sulla potatura riguarda il tipo di pianta da potare.<\/h3>\r\n<p>Infatti non tutte le piante si comportano nello stesso modo e fioriscono o fruttificano nello stesso periodo e per questo ci si deve accertare di come si comporta la pianta che dobbiamo potare per non perdere fioriture e bacche \u2013 che \u00e8 magari il motivo per cui le abbiamo scelte.<\/p>\r\n<blockquote>\r\n<p>Essendo un elenco fondamentale abbiamo deciso di fare un discorso introduttivo e poi di inserire alcuni elenchi di piante sia nell\u2019articolo sia come pdf cos\u00ec da potervelo stampare e portare in giardino.<\/p>\r\n<\/blockquote>\r\n<p>Di seguito elencheremo i comportamenti delle fioriture, ma svilupperemo l'argomento nell'articolo di settimana prossima.<\/p>\r\n<p>\u00a0<\/p>\r\n<h2>Che tipo di piante possiamo avere nel nostro giardino? Come si potano?<\/h2>\r\n<h3>Possiamo dividere le piante in 5 gruppi (eh lo so non sono pochi):<\/h3>\r\n<ul>\r\n<li><strong>le piante che fioriscono sui rami nati nell\u2019anno in corso <\/strong>e cio\u00e8 su quei rami nati nell\u2019ultima ripresa vegetativa;<\/li>\r\n<li>\r\n<p><strong>le piante che fioriscono sui rami nati nell\u2019anno in corso (come sopra) ma su rami secondari, <\/strong>ovvero\u00a0un ramo nuovo che si forma su un altro ramo che ha un anno o pi\u00f9\u00a0e che fiorisce nello stesso anno in cui si forma;<\/p>\r\n<\/li>\r\n<li><strong>le piante che fioriscono sui rami di almeno un anno <\/strong>e cio\u00e8 quei rami nati nella penultima ripresa vegetativa;<\/li>\r\n<li><strong>le piante che fioriscono sui rami di due o pi\u00f9 anni <\/strong>(detti anche vecchi)<\/li>\r\n<li><strong>e i casi particolari <\/strong>come quello dell\u2019<strong>Hydrangea ortensis <\/strong>(Ortensia) che fiorisce due volte l\u2019anno su due tipologie diverse di ramo. A <strong>giugno<\/strong>\u00a0sulle punte dei rami di 1 anno (quelli dritti, senza ramificazioni e con la corteccia ancora verde) mentre a <strong>\u00a0sui nuovi rami (rami dell\u2019anno secondari) appena prodotti lateralmente su rami gi\u00e0 vecchi e sui rami di 1 anno.<\/strong><\/li>\r\n<\/ul>\r\n<p>\u00a0<\/p>[\/et_pb_text][\/et_pb_column][\/et_pb_row][\/et_pb_section][et_pb_section fb_built=\"1\" admin_label=\"Immagine (100%)\" _builder_version=\"4.27.0\" custom_padding=\"0px||20px||false|false\" collapsed=\"off\" global_colors_info=\"{}\" theme_builder_area=\"post_content\"][et_pb_row admin_label=\"Riga\" _builder_version=\"4.27.0\" background_size=\"initial\" background_position=\"top_left\" background_repeat=\"repeat\" width=\"100%\" custom_padding=\"0px||0px||false|false\" global_colors_info=\"{}\" theme_builder_area=\"post_content\"][et_pb_column type=\"4_4\" _builder_version=\"4.16\" custom_padding=\"|||\" global_colors_info=\"{}\" custom_padding__hover=\"|||\" theme_builder_area=\"post_content\"][et_pb_image src=\"https:\/\/mondodelgiardino.com\/wp-content\/uploads\/2023\/05\/tree-sandid-da-Pixabay.jpg\" title_text=\"tree-sandid da Pixabay\" show_in_lightbox=\"on\" force_fullwidth=\"on\" _builder_version=\"4.27.2\" _module_preset=\"default\" hover_enabled=\"0\" global_colors_info=\"{}\" theme_builder_area=\"post_content\" sticky_enabled=\"0\"][\/et_pb_image][\/et_pb_column][\/et_pb_row][\/et_pb_section][et_pb_section fb_built=\"1\" admin_label=\"Testo (100%)\" _builder_version=\"4.27.0\" _module_preset=\"default\" global_colors_info=\"{}\" theme_builder_area=\"post_content\"][et_pb_row _builder_version=\"4.27.0\" _module_preset=\"default\" width=\"100%\" custom_padding=\"0px||0px||false|false\" global_colors_info=\"{}\" theme_builder_area=\"post_content\"][et_pb_column type=\"4_4\" _builder_version=\"4.27.0\" _module_preset=\"default\" global_colors_info=\"{}\" theme_builder_area=\"post_content\"][et_pb_text _builder_version=\"4.27.2\" _module_preset=\"default\" hover_enabled=\"0\" global_colors_info=\"{}\" theme_builder_area=\"post_content\" sticky_enabled=\"0\"]<p>\u00a0<\/p>\r\n<h2>La potatura delle piante: I prossimi capitoli<\/h2>\r\n<p>Per questa settimana abbiamo finito. Lo so, la sensazione \u00e8 di essere lasciati a met\u00e0 del discorso. In realt\u00e0 vi lasciamo ad un terzo.<\/p>\r\n<p>Si, l\u2019argomento \u00e8 molto ampio e abbiamo deciso di dividerlo in tre le sezioni: <strong>La Teoria, Le Piante e Gli esempi.<\/strong><\/p>\r\n<blockquote>\r\n<p>Venerd\u00ec prossimo vi forniremo l\u2019elenco delle essenze pi\u00f9 coltivate con il trattamento di potatura per ognuna ed il venerd\u00ec dopo vi delizieremo con gli esempi di potatura: pi\u00f9 chiaro di cos\u00ec!!<\/p>\r\n<\/blockquote>\r\n<p>\u00a0<\/p>[\/et_pb_text][\/et_pb_column][\/et_pb_row][\/et_pb_section][et_pb_section fb_built=\"1\" admin_label=\"Immagine (100%)\" _builder_version=\"4.27.0\" custom_padding=\"0px||20px||false|false\" collapsed=\"off\" global_colors_info=\"{}\" theme_builder_area=\"post_content\"][et_pb_row admin_label=\"Riga\" _builder_version=\"4.27.0\" background_size=\"initial\" background_position=\"top_left\" background_repeat=\"repeat\" width=\"100%\" custom_padding=\"0px||0px||false|false\" global_colors_info=\"{}\" theme_builder_area=\"post_content\"][et_pb_column type=\"4_4\" _builder_version=\"4.16\" custom_padding=\"|||\" global_colors_info=\"{}\" custom_padding__hover=\"|||\" theme_builder_area=\"post_content\"][et_pb_image src=\"https:\/\/mondodelgiardino.com\/wp-content\/uploads\/2023\/05\/beautiful-flowers-Bruno-Germany-da-Pixabay.jpg\" title_text=\"beautiful-flowers-Bruno Germany da Pixabay\" show_in_lightbox=\"on\" force_fullwidth=\"on\" _builder_version=\"4.27.2\" _module_preset=\"default\" hover_enabled=\"0\" global_colors_info=\"{}\" theme_builder_area=\"post_content\" sticky_enabled=\"0\"][\/et_pb_image][\/et_pb_column][\/et_pb_row][\/et_pb_section][et_pb_section fb_built=\"1\" admin_label=\"Consiglio MDG\" _builder_version=\"4.27.0\" _module_preset=\"default\" custom_margin=\"30px||20px||false|false\" custom_padding=\"10px|20px|20px|20px|false|true\" border_radii=\"on|15px|15px|15px|15px\" border_width_all=\"4px\" border_color_all=\"#d5de75\" global_colors_info=\"{}\" theme_builder_area=\"post_content\"][et_pb_row _builder_version=\"4.27.0\" _module_preset=\"default\" width=\"100%\" custom_padding=\"0px||0px||false|false\" global_colors_info=\"{}\" theme_builder_area=\"post_content\"][et_pb_column type=\"4_4\" _builder_version=\"4.27.0\" _module_preset=\"default\" global_colors_info=\"{}\" theme_builder_area=\"post_content\"][et_pb_text _builder_version=\"4.27.2\" _module_preset=\"default\" hover_enabled=\"0\" global_colors_info=\"{}\" theme_builder_area=\"post_content\" sticky_enabled=\"0\"]<h1>Il consiglio del mondo del giardino<\/h1>\r\n<p>Avete il tempo questa settimana di assorbire la teoria seduti nel vostro giardino ad osservare le vostre piante.<\/p>[\/et_pb_text][\/et_pb_column][\/et_pb_row][\/et_pb_section][et_pb_section fb_built=\"1\" admin_label=\"Testo (100%)\" _builder_version=\"4.27.0\" _module_preset=\"default\" global_colors_info=\"{}\" theme_builder_area=\"post_content\"][et_pb_row _builder_version=\"4.27.0\" _module_preset=\"default\" width=\"100%\" custom_padding=\"0px||0px||false|false\" global_colors_info=\"{}\" theme_builder_area=\"post_content\"][et_pb_column type=\"4_4\" _builder_version=\"4.27.0\" _module_preset=\"default\" global_colors_info=\"{}\" theme_builder_area=\"post_content\"][et_pb_text _builder_version=\"4.27.2\" _module_preset=\"default\" hover_enabled=\"0\" global_colors_info=\"{}\" theme_builder_area=\"post_content\" sticky_enabled=\"0\"]<p>Ora a cavallo! Il lavoro ci aspetta! Il nostro nuovo meraviglioso spazio esterno sta per nascere!<\/p>\r\n<p>BUON LAVORO e\u2026se avete domande scrivete pure a <span style=\"text-decoration: underline;\"><a href=\"mailto:info@mondodelgiardino.com\">info@mondodelgiardino.com<\/a><\/span><\/p>\r\n<p>Fonti delle immagini: si ringrazia Pixabay ed in particolare Stefan Schweihofer per la foto dei social, Stefan \u00d6stman per le cesoie sul ramo, Christian Riedl per le forbici sul ramo, sandid per la motosega e per il caschetto sul tronco, Bruno Germany pe le cesoie tra i fiori.<\/p>[\/et_pb_text][\/et_pb_column][\/et_pb_row][\/et_pb_section]","_et_gb_content_width":"","footnotes":""},"categories":[29],"tags":[443,407,63,2078,459,2077,2076,1460,218,2075],"class_list":["post-5570","post","type-post","status-publish","format-standard","has-post-thumbnail","hentry","category-gardening","tag-flowering","tag-flowering-plants","tag-garden","tag-garden-maintenance","tag-gardening","tag-green-theories","tag-observation","tag-ornamental-plants","tag-pruning","tag-tools"],"yoast_head":"<!-- This site is optimized with the Yoast SEO plugin v26.2 - https:\/\/yoast.com\/wordpress\/plugins\/seo\/ -->\n<title>Theory of Pruning plants - Mondo del Giardino<\/title>\n<meta name=\"description\" content=\"Does theory of pruning plants in the garden make you pull your hair out? It&#039;s quite a responsibility towards a living being.\" \/>\n<meta name=\"robots\" content=\"index, follow, max-snippet:-1, max-image-preview:large, max-video-preview:-1\" \/>\n<link rel=\"canonical\" href=\"https:\/\/mondodelgiardino.com\/en\/theory-of-pruning-plants\/\" \/>\n<meta property=\"og:locale\" content=\"en_US\" \/>\n<meta property=\"og:type\" content=\"article\" \/>\n<meta property=\"og:title\" content=\"Theory of Pruning plants - Mondo del Giardino\" \/>\n<meta property=\"og:description\" content=\"Does theory of pruning plants in the garden make you pull your hair out? It&#039;s quite a responsibility towards a living being.\" \/>\n<meta property=\"og:url\" content=\"https:\/\/mondodelgiardino.com\/en\/theory-of-pruning-plants\/\" \/>\n<meta property=\"og:site_name\" content=\"Mondo del Giardino\" \/>\n<meta property=\"article:publisher\" content=\"https:\/\/www.facebook.com\/mondodelgiardino\" \/>\n<meta property=\"article:published_time\" content=\"2023-05-05T15:29:16+00:00\" \/>\n<meta property=\"article:modified_time\" content=\"2025-06-19T10:27:59+00:00\" \/>\n<meta property=\"og:image\" content=\"https:\/\/mondodelgiardino.com\/wp-content\/uploads\/2023\/05\/felco-Stefan-Ostman-da-Pixabay.jpg\" \/>\n\t<meta property=\"og:image:width\" content=\"1280\" \/>\n\t<meta property=\"og:image:height\" content=\"853\" \/>\n\t<meta property=\"og:image:type\" content=\"image\/jpeg\" \/>\n<meta name=\"author\" content=\"admin\" \/>\n<meta name=\"twitter:card\" content=\"summary_large_image\" \/>\n<meta name=\"twitter:label1\" content=\"Written by\" \/>\n\t<meta name=\"twitter:data1\" content=\"admin\" \/>\n\t<meta name=\"twitter:label2\" content=\"Est. reading time\" \/>\n\t<meta name=\"twitter:data2\" content=\"8 minutes\" \/>\n<script type=\"application\/ld+json\" class=\"yoast-schema-graph\">{\"@context\":\"https:\/\/schema.org\",\"@graph\":[{\"@type\":\"Article\",\"@id\":\"https:\/\/mondodelgiardino.com\/en\/theory-of-pruning-plants\/#article\",\"isPartOf\":{\"@id\":\"https:\/\/mondodelgiardino.com\/en\/theory-of-pruning-plants\/\"},\"author\":{\"name\":\"admin\",\"@id\":\"https:\/\/mondodelgiardino.com\/en\/#\/schema\/person\/59fa8845bd0c10f5cfb08a435f1e4d23\"},\"headline\":\"Theory of Pruning plants\",\"datePublished\":\"2023-05-05T15:29:16+00:00\",\"dateModified\":\"2025-06-19T10:27:59+00:00\",\"mainEntityOfPage\":{\"@id\":\"https:\/\/mondodelgiardino.com\/en\/theory-of-pruning-plants\/\"},\"wordCount\":2532,\"publisher\":{\"@id\":\"https:\/\/mondodelgiardino.com\/en\/#organization\"},\"image\":{\"@id\":\"https:\/\/mondodelgiardino.com\/en\/theory-of-pruning-plants\/#primaryimage\"},\"thumbnailUrl\":\"https:\/\/mondodelgiardino.com\/wp-content\/uploads\/2023\/05\/felco-Stefan-Ostman-da-Pixabay.jpg\",\"keywords\":[\"flowering\",\"flowering plants\",\"garden\",\"garden maintenance\",\"gardening\",\"green theories\",\"observation\",\"ornamental plants\",\"pruning\",\"tools\"],\"articleSection\":[\"Gardening\"],\"inLanguage\":\"en-US\"},{\"@type\":\"WebPage\",\"@id\":\"https:\/\/mondodelgiardino.com\/en\/theory-of-pruning-plants\/\",\"url\":\"https:\/\/mondodelgiardino.com\/en\/theory-of-pruning-plants\/\",\"name\":\"Theory of Pruning plants - Mondo del Giardino\",\"isPartOf\":{\"@id\":\"https:\/\/mondodelgiardino.com\/en\/#website\"},\"primaryImageOfPage\":{\"@id\":\"https:\/\/mondodelgiardino.com\/en\/theory-of-pruning-plants\/#primaryimage\"},\"image\":{\"@id\":\"https:\/\/mondodelgiardino.com\/en\/theory-of-pruning-plants\/#primaryimage\"},\"thumbnailUrl\":\"https:\/\/mondodelgiardino.com\/wp-content\/uploads\/2023\/05\/felco-Stefan-Ostman-da-Pixabay.jpg\",\"datePublished\":\"2023-05-05T15:29:16+00:00\",\"dateModified\":\"2025-06-19T10:27:59+00:00\",\"description\":\"Does theory of pruning plants in the garden make you pull your hair out? It's quite a responsibility towards a living being.\",\"breadcrumb\":{\"@id\":\"https:\/\/mondodelgiardino.com\/en\/theory-of-pruning-plants\/#breadcrumb\"},\"inLanguage\":\"en-US\",\"potentialAction\":[{\"@type\":\"ReadAction\",\"target\":[\"https:\/\/mondodelgiardino.com\/en\/theory-of-pruning-plants\/\"]}]},{\"@type\":\"ImageObject\",\"inLanguage\":\"en-US\",\"@id\":\"https:\/\/mondodelgiardino.com\/en\/theory-of-pruning-plants\/#primaryimage\",\"url\":\"https:\/\/mondodelgiardino.com\/wp-content\/uploads\/2023\/05\/felco-Stefan-Ostman-da-Pixabay.jpg\",\"contentUrl\":\"https:\/\/mondodelgiardino.com\/wp-content\/uploads\/2023\/05\/felco-Stefan-Ostman-da-Pixabay.jpg\",\"width\":1280,\"height\":853},{\"@type\":\"BreadcrumbList\",\"@id\":\"https:\/\/mondodelgiardino.com\/en\/theory-of-pruning-plants\/#breadcrumb\",\"itemListElement\":[{\"@type\":\"ListItem\",\"position\":1,\"name\":\"Home\",\"item\":\"https:\/\/mondodelgiardino.com\/en\/\"},{\"@type\":\"ListItem\",\"position\":2,\"name\":\"Theory of Pruning plants\"}]},{\"@type\":\"WebSite\",\"@id\":\"https:\/\/mondodelgiardino.com\/en\/#website\",\"url\":\"https:\/\/mondodelgiardino.com\/en\/\",\"name\":\"Mondo del Giardino\",\"description\":\"Cultura del verde\",\"publisher\":{\"@id\":\"https:\/\/mondodelgiardino.com\/en\/#organization\"},\"alternateName\":\"Mondo del Giardino\",\"potentialAction\":[{\"@type\":\"SearchAction\",\"target\":{\"@type\":\"EntryPoint\",\"urlTemplate\":\"https:\/\/mondodelgiardino.com\/en\/?s={search_term_string}\"},\"query-input\":{\"@type\":\"PropertyValueSpecification\",\"valueRequired\":true,\"valueName\":\"search_term_string\"}}],\"inLanguage\":\"en-US\"},{\"@type\":\"Organization\",\"@id\":\"https:\/\/mondodelgiardino.com\/en\/#organization\",\"name\":\"Mondo del Giardino\",\"alternateName\":\"Mondo del Giardino\",\"url\":\"https:\/\/mondodelgiardino.com\/en\/\",\"logo\":{\"@type\":\"ImageObject\",\"inLanguage\":\"en-US\",\"@id\":\"https:\/\/mondodelgiardino.com\/en\/#\/schema\/logo\/image\/\",\"url\":\"https:\/\/mondodelgiardino.com\/wp-content\/uploads\/2024\/07\/Logo-mondo-del-giardino-cultura-del-verde.png\",\"contentUrl\":\"https:\/\/mondodelgiardino.com\/wp-content\/uploads\/2024\/07\/Logo-mondo-del-giardino-cultura-del-verde.png\",\"width\":466,\"height\":366,\"caption\":\"Mondo del Giardino\"},\"image\":{\"@id\":\"https:\/\/mondodelgiardino.com\/en\/#\/schema\/logo\/image\/\"},\"sameAs\":[\"https:\/\/www.facebook.com\/mondodelgiardino\",\"https:\/\/www.instagram.com\/mondodelgiardino\/\",\"https:\/\/www.linkedin.com\/company\/mondo-del-giardino\/\",\"https:\/\/www.youtube.com\/@mondodelgiardinopuntocom\"]},{\"@type\":\"Person\",\"@id\":\"https:\/\/mondodelgiardino.com\/en\/#\/schema\/person\/59fa8845bd0c10f5cfb08a435f1e4d23\",\"name\":\"admin\",\"image\":{\"@type\":\"ImageObject\",\"inLanguage\":\"en-US\",\"@id\":\"https:\/\/mondodelgiardino.com\/en\/#\/schema\/person\/image\/\",\"url\":\"https:\/\/secure.gravatar.com\/avatar\/ca7d6dc7bbdc98d3214c49983f483695e2d0543754ca5ff1eb90cfdf66a96959?s=96&d=mm&r=g\",\"contentUrl\":\"https:\/\/secure.gravatar.com\/avatar\/ca7d6dc7bbdc98d3214c49983f483695e2d0543754ca5ff1eb90cfdf66a96959?s=96&d=mm&r=g\",\"caption\":\"admin\"},\"sameAs\":[\"https:\/\/mondodelgiardino.com\"]}]}<\/script>\n<!-- \/ Yoast SEO plugin. -->","yoast_head_json":{"title":"Theory of Pruning plants - Mondo del Giardino","description":"Does theory of pruning plants in the garden make you pull your hair out? It's quite a responsibility towards a living being.","robots":{"index":"index","follow":"follow","max-snippet":"max-snippet:-1","max-image-preview":"max-image-preview:large","max-video-preview":"max-video-preview:-1"},"canonical":"https:\/\/mondodelgiardino.com\/en\/theory-of-pruning-plants\/","og_locale":"en_US","og_type":"article","og_title":"Theory of Pruning plants - Mondo del Giardino","og_description":"Does theory of pruning plants in the garden make you pull your hair out? It's quite a responsibility towards a living being.","og_url":"https:\/\/mondodelgiardino.com\/en\/theory-of-pruning-plants\/","og_site_name":"Mondo del Giardino","article_publisher":"https:\/\/www.facebook.com\/mondodelgiardino","article_published_time":"2023-05-05T15:29:16+00:00","article_modified_time":"2025-06-19T10:27:59+00:00","og_image":[{"width":1280,"height":853,"url":"https:\/\/mondodelgiardino.com\/wp-content\/uploads\/2023\/05\/felco-Stefan-Ostman-da-Pixabay.jpg","type":"image\/jpeg"}],"author":"admin","twitter_card":"summary_large_image","twitter_misc":{"Written by":"admin","Est. reading time":"8 minutes"},"schema":{"@context":"https:\/\/schema.org","@graph":[{"@type":"Article","@id":"https:\/\/mondodelgiardino.com\/en\/theory-of-pruning-plants\/#article","isPartOf":{"@id":"https:\/\/mondodelgiardino.com\/en\/theory-of-pruning-plants\/"},"author":{"name":"admin","@id":"https:\/\/mondodelgiardino.com\/en\/#\/schema\/person\/59fa8845bd0c10f5cfb08a435f1e4d23"},"headline":"Theory of Pruning plants","datePublished":"2023-05-05T15:29:16+00:00","dateModified":"2025-06-19T10:27:59+00:00","mainEntityOfPage":{"@id":"https:\/\/mondodelgiardino.com\/en\/theory-of-pruning-plants\/"},"wordCount":2532,"publisher":{"@id":"https:\/\/mondodelgiardino.com\/en\/#organization"},"image":{"@id":"https:\/\/mondodelgiardino.com\/en\/theory-of-pruning-plants\/#primaryimage"},"thumbnailUrl":"https:\/\/mondodelgiardino.com\/wp-content\/uploads\/2023\/05\/felco-Stefan-Ostman-da-Pixabay.jpg","keywords":["flowering","flowering plants","garden","garden maintenance","gardening","green theories","observation","ornamental plants","pruning","tools"],"articleSection":["Gardening"],"inLanguage":"en-US"},{"@type":"WebPage","@id":"https:\/\/mondodelgiardino.com\/en\/theory-of-pruning-plants\/","url":"https:\/\/mondodelgiardino.com\/en\/theory-of-pruning-plants\/","name":"Theory of Pruning plants - Mondo del Giardino","isPartOf":{"@id":"https:\/\/mondodelgiardino.com\/en\/#website"},"primaryImageOfPage":{"@id":"https:\/\/mondodelgiardino.com\/en\/theory-of-pruning-plants\/#primaryimage"},"image":{"@id":"https:\/\/mondodelgiardino.com\/en\/theory-of-pruning-plants\/#primaryimage"},"thumbnailUrl":"https:\/\/mondodelgiardino.com\/wp-content\/uploads\/2023\/05\/felco-Stefan-Ostman-da-Pixabay.jpg","datePublished":"2023-05-05T15:29:16+00:00","dateModified":"2025-06-19T10:27:59+00:00","description":"Does theory of pruning plants in the garden make you pull your hair out? It's quite a responsibility towards a living being.","breadcrumb":{"@id":"https:\/\/mondodelgiardino.com\/en\/theory-of-pruning-plants\/#breadcrumb"},"inLanguage":"en-US","potentialAction":[{"@type":"ReadAction","target":["https:\/\/mondodelgiardino.com\/en\/theory-of-pruning-plants\/"]}]},{"@type":"ImageObject","inLanguage":"en-US","@id":"https:\/\/mondodelgiardino.com\/en\/theory-of-pruning-plants\/#primaryimage","url":"https:\/\/mondodelgiardino.com\/wp-content\/uploads\/2023\/05\/felco-Stefan-Ostman-da-Pixabay.jpg","contentUrl":"https:\/\/mondodelgiardino.com\/wp-content\/uploads\/2023\/05\/felco-Stefan-Ostman-da-Pixabay.jpg","width":1280,"height":853},{"@type":"BreadcrumbList","@id":"https:\/\/mondodelgiardino.com\/en\/theory-of-pruning-plants\/#breadcrumb","itemListElement":[{"@type":"ListItem","position":1,"name":"Home","item":"https:\/\/mondodelgiardino.com\/en\/"},{"@type":"ListItem","position":2,"name":"Theory of Pruning plants"}]},{"@type":"WebSite","@id":"https:\/\/mondodelgiardino.com\/en\/#website","url":"https:\/\/mondodelgiardino.com\/en\/","name":"Mondo del Giardino","description":"Cultura del verde","publisher":{"@id":"https:\/\/mondodelgiardino.com\/en\/#organization"},"alternateName":"Mondo del Giardino","potentialAction":[{"@type":"SearchAction","target":{"@type":"EntryPoint","urlTemplate":"https:\/\/mondodelgiardino.com\/en\/?s={search_term_string}"},"query-input":{"@type":"PropertyValueSpecification","valueRequired":true,"valueName":"search_term_string"}}],"inLanguage":"en-US"},{"@type":"Organization","@id":"https:\/\/mondodelgiardino.com\/en\/#organization","name":"Mondo del Giardino","alternateName":"Mondo del Giardino","url":"https:\/\/mondodelgiardino.com\/en\/","logo":{"@type":"ImageObject","inLanguage":"en-US","@id":"https:\/\/mondodelgiardino.com\/en\/#\/schema\/logo\/image\/","url":"https:\/\/mondodelgiardino.com\/wp-content\/uploads\/2024\/07\/Logo-mondo-del-giardino-cultura-del-verde.png","contentUrl":"https:\/\/mondodelgiardino.com\/wp-content\/uploads\/2024\/07\/Logo-mondo-del-giardino-cultura-del-verde.png","width":466,"height":366,"caption":"Mondo del Giardino"},"image":{"@id":"https:\/\/mondodelgiardino.com\/en\/#\/schema\/logo\/image\/"},"sameAs":["https:\/\/www.facebook.com\/mondodelgiardino","https:\/\/www.instagram.com\/mondodelgiardino\/","https:\/\/www.linkedin.com\/company\/mondo-del-giardino\/","https:\/\/www.youtube.com\/@mondodelgiardinopuntocom"]},{"@type":"Person","@id":"https:\/\/mondodelgiardino.com\/en\/#\/schema\/person\/59fa8845bd0c10f5cfb08a435f1e4d23","name":"admin","image":{"@type":"ImageObject","inLanguage":"en-US","@id":"https:\/\/mondodelgiardino.com\/en\/#\/schema\/person\/image\/","url":"https:\/\/secure.gravatar.com\/avatar\/ca7d6dc7bbdc98d3214c49983f483695e2d0543754ca5ff1eb90cfdf66a96959?s=96&d=mm&r=g","contentUrl":"https:\/\/secure.gravatar.com\/avatar\/ca7d6dc7bbdc98d3214c49983f483695e2d0543754ca5ff1eb90cfdf66a96959?s=96&d=mm&r=g","caption":"admin"},"sameAs":["https:\/\/mondodelgiardino.com"]}]}},"_links":{"self":[{"href":"https:\/\/mondodelgiardino.com\/en\/wp-json\/wp\/v2\/posts\/5570","targetHints":{"allow":["GET"]}}],"collection":[{"href":"https:\/\/mondodelgiardino.com\/en\/wp-json\/wp\/v2\/posts"}],"about":[{"href":"https:\/\/mondodelgiardino.com\/en\/wp-json\/wp\/v2\/types\/post"}],"author":[{"embeddable":true,"href":"https:\/\/mondodelgiardino.com\/en\/wp-json\/wp\/v2\/users\/1"}],"replies":[{"embeddable":true,"href":"https:\/\/mondodelgiardino.com\/en\/wp-json\/wp\/v2\/comments?post=5570"}],"version-history":[{"count":11,"href":"https:\/\/mondodelgiardino.com\/en\/wp-json\/wp\/v2\/posts\/5570\/revisions"}],"predecessor-version":[{"id":11968,"href":"https:\/\/mondodelgiardino.com\/en\/wp-json\/wp\/v2\/posts\/5570\/revisions\/11968"}],"wp:featuredmedia":[{"embeddable":true,"href":"https:\/\/mondodelgiardino.com\/en\/wp-json\/wp\/v2\/media\/5563"}],"wp:attachment":[{"href":"https:\/\/mondodelgiardino.com\/en\/wp-json\/wp\/v2\/media?parent=5570"}],"wp:term":[{"taxonomy":"category","embeddable":true,"href":"https:\/\/mondodelgiardino.com\/en\/wp-json\/wp\/v2\/categories?post=5570"},{"taxonomy":"post_tag","embeddable":true,"href":"https:\/\/mondodelgiardino.com\/en\/wp-json\/wp\/v2\/tags?post=5570"}],"curies":[{"name":"wp","href":"https:\/\/api.w.org\/{rel}","templated":true}]}}