{"id":5705,"date":"2023-12-08T12:55:51","date_gmt":"2023-12-08T12:55:51","guid":{"rendered":"https:\/\/new.mondodelgiardino.com\/?p=5705"},"modified":"2024-10-23T13:15:12","modified_gmt":"2024-10-23T13:15:12","slug":"loved-balconies-in-winter","status":"publish","type":"post","link":"https:\/\/mondodelgiardino.com\/en\/loved-balconies-in-winter\/","title":{"rendered":"Loved balconies in winter"},"content":{"rendered":"<p>[et_pb_section fb_built=&#8221;1&#8243; admin_label=&#8221;Testo (100%)&#8221; _builder_version=&#8221;4.27.0&#8243; _module_preset=&#8221;default&#8221; global_colors_info=&#8221;{}&#8221;][et_pb_row _builder_version=&#8221;4.27.0&#8243; _module_preset=&#8221;default&#8221; width=&#8221;100%&#8221; custom_padding=&#8221;0px||0px||false|false&#8221; global_colors_info=&#8221;{}&#8221;][et_pb_column type=&#8221;4_4&#8243; _builder_version=&#8221;4.27.0&#8243; _module_preset=&#8221;default&#8221; global_colors_info=&#8221;{}&#8221;][et_pb_text _builder_version=&#8221;4.27.2&#8243; _module_preset=&#8221;default&#8221; hover_enabled=&#8221;0&#8243; global_colors_info=&#8221;{}&#8221; sticky_enabled=&#8221;0&#8243;]<\/p>\n<h2>Do you know how to protect balcony plants in winter? No? Here are the tips from Mondo del Giardino<\/h2>\n<p>Our beloved balconies! We looked after them with love in spring and summer, enjoying the fruits of our dedication and now we suffer thinking that perhaps we will lose some plants because we don&#8217;t know how to protect them.<\/p>\n<p>Don&#8217;t worry, here we are by your side to fight the cold.<\/p>\n<h2>How to cover plants on the balcony in winter?<\/h2>\n<p><strong>Let&#8217;s start from the basics: we need to protect the roots<\/strong><\/p>\n<p>First of all let&#8217;s say that the part at risk of freezing or suffering from the cold is not the aerial part, but the roots. It therefore follows that we must protect the vase and not the leaves and branches.<\/p>\n<p>So if you think you have protected the potted plant by closing the foliage inside the non-woven fabric, you have not done so. Furthermore, covering the aerial part risks stopping the rain that waters the pot, also sending the plant into water distress.<\/p>\n<p>In reality, you will find conflicting opinions regarding online air coverage. Magazines also suggest this type of coverage. So let&#8217;s clarify things a little.<\/p>\n<p>Sometimes, in the garden, and therefore in the open ground, you may have planted an essence that is not exactly local and therefore fragile due to the cold. It could be a lemon that is semi evergreen. In this case the roots are already at maximum protection or become so with straw or mulch around the collar, but to avoid frost damage to the leaves too, non-woven fabric can be useful.<\/p>\n<p>In a pot, however, what we have written applies and the non-woven fabric only makes sense if the plant is not protected by a corner particularly exposed to the freezing wind, and in any case the pot must mainly be protected.<\/p>\n<p>[\/et_pb_text][\/et_pb_column][\/et_pb_row][\/et_pb_section][et_pb_section fb_built=&#8221;1&#8243; admin_label=&#8221;Immagine (100%)&#8221; _builder_version=&#8221;4.27.0&#8243; custom_padding=&#8221;0px||20px||false|false&#8221; collapsed=&#8221;off&#8221; global_colors_info=&#8221;{}&#8221;][et_pb_row admin_label=&#8221;Riga&#8221; _builder_version=&#8221;4.27.0&#8243; background_size=&#8221;initial&#8221; background_position=&#8221;top_left&#8221; background_repeat=&#8221;repeat&#8221; width=&#8221;100%&#8221; custom_padding=&#8221;0px||0px||false|false&#8221; global_colors_info=&#8221;{}&#8221;][et_pb_column type=&#8221;4_4&#8243; _builder_version=&#8221;4.16&#8243; custom_padding=&#8221;|||&#8221; global_colors_info=&#8221;{}&#8221; custom_padding__hover=&#8221;|||&#8221;][et_pb_image src=&#8221;https:\/\/mondodelgiardino.com\/wp-content\/uploads\/2023\/12\/gardens-of-the-world-Kerstin-Riemer-da-Pixabay.jpg&#8221; title_text=&#8221;gardens-of-the-world-Kerstin Riemer da Pixabay&#8221; show_in_lightbox=&#8221;on&#8221; force_fullwidth=&#8221;on&#8221; _builder_version=&#8221;4.27.2&#8243; _module_preset=&#8221;default&#8221; global_colors_info=&#8221;{}&#8221;][\/et_pb_image][\/et_pb_column][\/et_pb_row][\/et_pb_section][et_pb_section fb_built=&#8221;1&#8243; admin_label=&#8221;Testo (100%)&#8221; _builder_version=&#8221;4.27.0&#8243; _module_preset=&#8221;default&#8221; global_colors_info=&#8221;{}&#8221;][et_pb_row _builder_version=&#8221;4.27.0&#8243; _module_preset=&#8221;default&#8221; width=&#8221;100%&#8221; custom_padding=&#8221;0px||0px||false|false&#8221; global_colors_info=&#8221;{}&#8221;][et_pb_column type=&#8221;4_4&#8243; _builder_version=&#8221;4.27.0&#8243; _module_preset=&#8221;default&#8221; global_colors_info=&#8221;{}&#8221;][et_pb_text _builder_version=&#8221;4.27.2&#8243; _module_preset=&#8221;default&#8221; hover_enabled=&#8221;0&#8243; global_colors_info=&#8221;{}&#8221; sticky_enabled=&#8221;0&#8243;]<\/p>\n<h2>But don&#8217;t plants go dormant in winter? Why and how should we deal with it?<\/h2>\n<p>We can already imagine your next question: but doesn&#8217;t the plant go dormant in winter? Deciduous plants, i.e. those that completely lose their leaves, go to rest. Evergreen or semi-evergreen plants are not, for this reason they must be watered regularly.<\/p>\n<blockquote>\n<p>It is better to make another specification and that is to differentiate between the plants that are under water and those that are on the balcony, but indoors. Plants subjected to rain, if it rains, can be satisfied with that while the others must be watered.<\/p>\n<\/blockquote>\n<h3> <\/h3>\n<h2>A simple solution to cover the pots of our plants and protect the roots from the cold<\/h2>\n<p><strong>Now that we know that vases need to be protected we need to understand how.<\/strong><\/p>\n<blockquote>\n<p>How to cover plants on the balcony in winter? What materials should you use to cover the pots? Is there a simple and perhaps economical solution?<\/p>\n<\/blockquote>\n<p>Cardboard is an excellent insulator, both due to the type of material and because it creates an air chamber between the vase and the external temperature.<\/p>\n<p><strong>If you take a cardboard box the height of the vase and place it around it at a distance of about 5 cm you will obtain an excellent insulator for just a few euros.<\/strong><\/p>\n<p>We already hear you asking: but doesn&#8217;t cardboard get wet under water? Of course you won&#8217;t be able to use the same cardboard for more than one winter, but the material of the boxes is more resistant than you might think so it will resist the 3 months needed to protect the vases in the coldest period even if they get wet.<\/p>\n<p>[\/et_pb_text][\/et_pb_column][\/et_pb_row][\/et_pb_section][et_pb_section fb_built=&#8221;1&#8243; admin_label=&#8221;Immagine (100%)&#8221; _builder_version=&#8221;4.27.0&#8243; custom_padding=&#8221;0px||20px||false|false&#8221; collapsed=&#8221;off&#8221; global_colors_info=&#8221;{}&#8221;][et_pb_row admin_label=&#8221;Riga&#8221; _builder_version=&#8221;4.27.0&#8243; background_size=&#8221;initial&#8221; background_position=&#8221;top_left&#8221; background_repeat=&#8221;repeat&#8221; width=&#8221;100%&#8221; custom_padding=&#8221;0px||0px||false|false&#8221; global_colors_info=&#8221;{}&#8221;][et_pb_column type=&#8221;4_4&#8243; _builder_version=&#8221;4.16&#8243; custom_padding=&#8221;|||&#8221; global_colors_info=&#8221;{}&#8221; custom_padding__hover=&#8221;|||&#8221;][et_pb_image src=&#8221;https:\/\/mondodelgiardino.com\/wp-content\/uploads\/2023\/12\/albero-con-maglia_thegreenrevolutionit.jpg&#8221; title_text=&#8221;albero con maglia_thegreenrevolutionit&#8221; show_in_lightbox=&#8221;on&#8221; force_fullwidth=&#8221;on&#8221; _builder_version=&#8221;4.27.2&#8243; _module_preset=&#8221;default&#8221; global_colors_info=&#8221;{}&#8221;][\/et_pb_image][\/et_pb_column][\/et_pb_row][\/et_pb_section][et_pb_section fb_built=&#8221;1&#8243; admin_label=&#8221;Testo (100%)&#8221; _builder_version=&#8221;4.27.0&#8243; _module_preset=&#8221;default&#8221; global_colors_info=&#8221;{}&#8221;][et_pb_row _builder_version=&#8221;4.27.0&#8243; _module_preset=&#8221;default&#8221; width=&#8221;100%&#8221; custom_padding=&#8221;0px||0px||false|false&#8221; global_colors_info=&#8221;{}&#8221;][et_pb_column type=&#8221;4_4&#8243; _builder_version=&#8221;4.27.0&#8243; _module_preset=&#8221;default&#8221; global_colors_info=&#8221;{}&#8221;][et_pb_text _builder_version=&#8221;4.27.2&#8243; _module_preset=&#8221;default&#8221; hover_enabled=&#8221;0&#8243; global_colors_info=&#8221;{}&#8221; sticky_enabled=&#8221;0&#8243;]<\/p>\n<h3> <\/h3>\n<h3><strong>How can we improve the aesthetics of the cardboard we used to protect the vases?<\/strong><\/h3>\n<p>If you have an elegant balcony or terrace, perhaps the idea of \u200b\u200bcardboard doesn&#8217;t satisfy you and we understand that. You can always cover it with an aesthetic film on the outside that covers the cardboard or use the &#8220;deterrents&#8221; which we will talk about later.<\/p>\n<p><strong>These first tips should allow you to resolve the issue quickly.<\/strong><\/p>\n<p>If, however, you are precise and want to delve deeper into the discussion, we will proceed with some more information.<\/p>\n<p>[\/et_pb_text][\/et_pb_column][\/et_pb_row][\/et_pb_section][et_pb_section fb_built=&#8221;1&#8243; admin_label=&#8221;Immagine (100%)&#8221; _builder_version=&#8221;4.27.0&#8243; custom_padding=&#8221;0px||20px||false|false&#8221; collapsed=&#8221;off&#8221; global_colors_info=&#8221;{}&#8221;][et_pb_row admin_label=&#8221;Riga&#8221; _builder_version=&#8221;4.27.0&#8243; background_size=&#8221;initial&#8221; background_position=&#8221;top_left&#8221; background_repeat=&#8221;repeat&#8221; width=&#8221;100%&#8221; custom_padding=&#8221;0px||0px||false|false&#8221; global_colors_info=&#8221;{}&#8221;][et_pb_column type=&#8221;4_4&#8243; _builder_version=&#8221;4.16&#8243; custom_padding=&#8221;|||&#8221; global_colors_info=&#8221;{}&#8221; custom_padding__hover=&#8221;|||&#8221;][et_pb_image src=&#8221;https:\/\/mondodelgiardino.com\/wp-content\/uploads\/2023\/12\/ecology-12831137-da-Pixabay.jpg&#8221; title_text=&#8221;ecology-12831137 da Pixabay&#8221; show_in_lightbox=&#8221;on&#8221; force_fullwidth=&#8221;on&#8221; _builder_version=&#8221;4.27.2&#8243; _module_preset=&#8221;default&#8221; global_colors_info=&#8221;{}&#8221;][\/et_pb_image][\/et_pb_column][\/et_pb_row][\/et_pb_section][et_pb_section fb_built=&#8221;1&#8243; admin_label=&#8221;Testo (100%)&#8221; _builder_version=&#8221;4.27.0&#8243; _module_preset=&#8221;default&#8221; global_colors_info=&#8221;{}&#8221;][et_pb_row _builder_version=&#8221;4.27.0&#8243; _module_preset=&#8221;default&#8221; width=&#8221;100%&#8221; custom_padding=&#8221;0px||0px||false|false&#8221; global_colors_info=&#8221;{}&#8221;][et_pb_column type=&#8221;4_4&#8243; _builder_version=&#8221;4.27.0&#8243; _module_preset=&#8221;default&#8221; global_colors_info=&#8221;{}&#8221;][et_pb_text _builder_version=&#8221;4.27.2&#8243; _module_preset=&#8221;default&#8221; hover_enabled=&#8221;0&#8243; global_colors_info=&#8221;{}&#8221; sticky_enabled=&#8221;0&#8243;]<\/p>\n<h2>Learn more about your plants: Do you know them well enough to take care of them?<\/h2>\n<p>You only buy plants at market exhibitions and not in the supermarket, you know the names of your plants, you have chosen the colors and flowering periods to always have something flowery or fragrant on the balcony or, you are just tired of seeing plants dying on your balcony? If you answered yes to any of these questions, you are among those who want to find out more.<\/p>\n<blockquote>\n<p>If you don&#8217;t know the names of the plants you have on your balcony, it&#8217;s time to learn it.<\/p>\n<\/blockquote>\n<p>There are several applications that help you recognize the plant by photographing the leaf, this could help you as well as obtain the catalog of some important nursery in your area or a plant book. At the end of the article we will give you some names.<\/p>\n<blockquote>\n<p>What is the point of knowing what plants you have on your balcony?<\/p>\n<\/blockquote>\n<p>Because it also tells you what temperature it resists. If it gets to -10, you can be quite calm even if you don&#8217;t cover the pots, but if you have a plant that dies below zero, you know you have to cover at least that one.<\/p>\n<p>[\/et_pb_text][\/et_pb_column][\/et_pb_row][\/et_pb_section][et_pb_section fb_built=&#8221;1&#8243; admin_label=&#8221;Immagine (100%)&#8221; _builder_version=&#8221;4.27.0&#8243; custom_padding=&#8221;0px||20px||false|false&#8221; collapsed=&#8221;off&#8221; global_colors_info=&#8221;{}&#8221;][et_pb_row admin_label=&#8221;Riga&#8221; _builder_version=&#8221;4.27.0&#8243; background_size=&#8221;initial&#8221; background_position=&#8221;top_left&#8221; background_repeat=&#8221;repeat&#8221; width=&#8221;100%&#8221; custom_padding=&#8221;0px||0px||false|false&#8221; global_colors_info=&#8221;{}&#8221;][et_pb_column type=&#8221;4_4&#8243; _builder_version=&#8221;4.16&#8243; custom_padding=&#8221;|||&#8221; global_colors_info=&#8221;{}&#8221; custom_padding__hover=&#8221;|||&#8221;][et_pb_image src=&#8221;https:\/\/mondodelgiardino.com\/wp-content\/uploads\/2023\/12\/plants-congerdesign-da-Pixabay.jpg&#8221; title_text=&#8221;plants-congerdesign da Pixabay&#8221; show_in_lightbox=&#8221;on&#8221; force_fullwidth=&#8221;on&#8221; _builder_version=&#8221;4.27.2&#8243; _module_preset=&#8221;default&#8221; global_colors_info=&#8221;{}&#8221;][\/et_pb_image][\/et_pb_column][\/et_pb_row][\/et_pb_section][et_pb_section fb_built=&#8221;1&#8243; admin_label=&#8221;Testo (100%)&#8221; _builder_version=&#8221;4.27.0&#8243; _module_preset=&#8221;default&#8221; global_colors_info=&#8221;{}&#8221;][et_pb_row _builder_version=&#8221;4.27.0&#8243; _module_preset=&#8221;default&#8221; width=&#8221;100%&#8221; custom_padding=&#8221;0px||0px||false|false&#8221; global_colors_info=&#8221;{}&#8221;][et_pb_column type=&#8221;4_4&#8243; _builder_version=&#8221;4.27.0&#8243; _module_preset=&#8221;default&#8221; global_colors_info=&#8221;{}&#8221;][et_pb_text _builder_version=&#8221;4.27.2&#8243; _module_preset=&#8221;default&#8221; hover_enabled=&#8221;0&#8243; global_colors_info=&#8221;{}&#8221; sticky_enabled=&#8221;0&#8243;]<\/p>\n<h3><strong>How and when to prune your balcony plants<\/strong><\/h3>\n<p>Pruning is carried out in winter. This is also why you need to know the name of your plant because each plant has different pruning periods depending on whether it flowers on the branch of the year or on that of previous years. Maybe you have never seen flowers on your plant for this reason.<\/p>\n<blockquote>\n<p>You can find out everything about pruning and individual plants in the articles dedicated to this topic <span style=\"text-decoration: underline;\"><a href=\"https:\/\/mondodelgiardino.com\/en\/pruning-plants-in-the-garden\/\" target=\"_blank\" rel=\"noopener\">here<\/a><\/span><\/p>\n<\/blockquote>\n<h3><strong>Cleaning and maintenance of balcony plants<\/strong><\/h3>\n<p>Things perhaps less demanding, but equally important to protect your plants are removing dead leaves, perhaps using them as a cover for the soil in the pots, tying the shoots of climbing plants neatly onto the supports, bringing in permanently the succulents and orchids that you had brought outside in good weather keeping them in their pots.<\/p>\n<p>[\/et_pb_text][\/et_pb_column][\/et_pb_row][\/et_pb_section][et_pb_section fb_built=&#8221;1&#8243; admin_label=&#8221;Immagine (100%)&#8221; _builder_version=&#8221;4.27.0&#8243; custom_padding=&#8221;0px||20px||false|false&#8221; collapsed=&#8221;off&#8221; global_colors_info=&#8221;{}&#8221;][et_pb_row admin_label=&#8221;Riga&#8221; _builder_version=&#8221;4.27.0&#8243; background_size=&#8221;initial&#8221; background_position=&#8221;top_left&#8221; background_repeat=&#8221;repeat&#8221; width=&#8221;100%&#8221; custom_padding=&#8221;0px||0px||false|false&#8221; global_colors_info=&#8221;{}&#8221;][et_pb_column type=&#8221;4_4&#8243; _builder_version=&#8221;4.16&#8243; custom_padding=&#8221;|||&#8221; global_colors_info=&#8221;{}&#8221; custom_padding__hover=&#8221;|||&#8221;][et_pb_image src=&#8221;https:\/\/mondodelgiardino.com\/wp-content\/uploads\/2023\/12\/garden-wal_172619-da-Pixabay.jpg&#8221; title_text=&#8221;garden-wal_172619 da Pixabay&#8221; show_in_lightbox=&#8221;on&#8221; force_fullwidth=&#8221;on&#8221; _builder_version=&#8221;4.27.2&#8243; _module_preset=&#8221;default&#8221; global_colors_info=&#8221;{}&#8221;][\/et_pb_image][\/et_pb_column][\/et_pb_row][\/et_pb_section][et_pb_section fb_built=&#8221;1&#8243; admin_label=&#8221;Testo (100%)&#8221; _builder_version=&#8221;4.27.0&#8243; _module_preset=&#8221;default&#8221; global_colors_info=&#8221;{}&#8221;][et_pb_row _builder_version=&#8221;4.27.0&#8243; _module_preset=&#8221;default&#8221; width=&#8221;100%&#8221; custom_padding=&#8221;0px||0px||false|false&#8221; global_colors_info=&#8221;{}&#8221;][et_pb_column type=&#8221;4_4&#8243; _builder_version=&#8221;4.27.0&#8243; _module_preset=&#8221;default&#8221; global_colors_info=&#8221;{}&#8221;][et_pb_text _builder_version=&#8221;4.27.2&#8243; _module_preset=&#8221;default&#8221; hover_enabled=&#8221;0&#8243; global_colors_info=&#8221;{}&#8221; sticky_enabled=&#8221;0&#8243;]<\/p>\n<h2> <\/h2>\n<h2>Beloved balconies in winter: How can we beautify them?<\/h2>\n<p>Now that we have protected our pots and our beloved plants we can indulge in making our outdoor space beautiful to look at from behind the window or when arriving home from the street.<\/p>\n<p>In fact, the surface of the vases, which is so flat and fixed, lends itself very well to being covered with imagination and creativity, also allowing the cardboard to be concealed.<\/p>\n<p>[\/et_pb_text][\/et_pb_column][\/et_pb_row][\/et_pb_section][et_pb_section fb_built=&#8221;1&#8243; admin_label=&#8221;Immagine (100%)&#8221; _builder_version=&#8221;4.27.0&#8243; custom_padding=&#8221;0px||20px||false|false&#8221; collapsed=&#8221;off&#8221; global_colors_info=&#8221;{}&#8221;][et_pb_row admin_label=&#8221;Riga&#8221; _builder_version=&#8221;4.27.0&#8243; background_size=&#8221;initial&#8221; background_position=&#8221;top_left&#8221; background_repeat=&#8221;repeat&#8221; width=&#8221;100%&#8221; custom_padding=&#8221;0px||0px||false|false&#8221; global_colors_info=&#8221;{}&#8221;][et_pb_column type=&#8221;4_4&#8243; _builder_version=&#8221;4.16&#8243; custom_padding=&#8221;|||&#8221; global_colors_info=&#8221;{}&#8221; custom_padding__hover=&#8221;|||&#8221;][et_pb_image src=&#8221;https:\/\/mondodelgiardino.com\/wp-content\/uploads\/2023\/12\/umbrellas-Q-K-da-Pixabay.jpg&#8221; title_text=&#8221;umbrellas-Q K da Pixabay&#8221; show_in_lightbox=&#8221;on&#8221; force_fullwidth=&#8221;on&#8221; _builder_version=&#8221;4.27.2&#8243; _module_preset=&#8221;default&#8221; global_colors_info=&#8221;{}&#8221;][\/et_pb_image][\/et_pb_column][\/et_pb_row][\/et_pb_section][et_pb_section fb_built=&#8221;1&#8243; admin_label=&#8221;Testo (100%)&#8221; _builder_version=&#8221;4.27.0&#8243; _module_preset=&#8221;default&#8221; global_colors_info=&#8221;{}&#8221;][et_pb_row _builder_version=&#8221;4.27.0&#8243; _module_preset=&#8221;default&#8221; width=&#8221;100%&#8221; custom_padding=&#8221;0px||0px||false|false&#8221; global_colors_info=&#8221;{}&#8221;][et_pb_column type=&#8221;4_4&#8243; _builder_version=&#8221;4.27.0&#8243; _module_preset=&#8221;default&#8221; global_colors_info=&#8221;{}&#8221;][et_pb_text _builder_version=&#8221;4.27.2&#8243; _module_preset=&#8221;default&#8221; hover_enabled=&#8221;0&#8243; global_colors_info=&#8221;{}&#8221; sticky_enabled=&#8221;0&#8243;]<\/p>\n<h3>Christmas: How to decorate the balcony for the Christmas holidays?<\/h3>\n<p>For example in December, once the cardboards have been inserted, you could cover them with festoons for the tree &#8211; green or glittering depending on your taste &#8211; make a village of gnomes, hang Christmas balls here and there, make red bows to hang rhythmically on the railing.<\/p>\n<p>[\/et_pb_text][\/et_pb_column][\/et_pb_row][\/et_pb_section][et_pb_section fb_built=&#8221;1&#8243; admin_label=&#8221;Immagine (100%)&#8221; _builder_version=&#8221;4.27.0&#8243; custom_padding=&#8221;0px||20px||false|false&#8221; collapsed=&#8221;off&#8221; global_colors_info=&#8221;{}&#8221;][et_pb_row admin_label=&#8221;Riga&#8221; _builder_version=&#8221;4.27.0&#8243; background_size=&#8221;initial&#8221; background_position=&#8221;top_left&#8221; background_repeat=&#8221;repeat&#8221; width=&#8221;100%&#8221; custom_padding=&#8221;0px||0px||false|false&#8221; global_colors_info=&#8221;{}&#8221;][et_pb_column type=&#8221;4_4&#8243; _builder_version=&#8221;4.16&#8243; custom_padding=&#8221;|||&#8221; global_colors_info=&#8221;{}&#8221; custom_padding__hover=&#8221;|||&#8221;][et_pb_image src=&#8221;https:\/\/mondodelgiardino.com\/wp-content\/uploads\/2023\/12\/christmas-Alfred-Derks-da-Pixabay.jpg&#8221; title_text=&#8221;christmas-Alfred Derks da Pixabay&#8221; show_in_lightbox=&#8221;on&#8221; force_fullwidth=&#8221;on&#8221; _builder_version=&#8221;4.27.2&#8243; _module_preset=&#8221;default&#8221; global_colors_info=&#8221;{}&#8221;][\/et_pb_image][\/et_pb_column][\/et_pb_row][\/et_pb_section][et_pb_section fb_built=&#8221;1&#8243; admin_label=&#8221;Testo (100%)&#8221; _builder_version=&#8221;4.27.0&#8243; _module_preset=&#8221;default&#8221; global_colors_info=&#8221;{}&#8221;][et_pb_row _builder_version=&#8221;4.27.0&#8243; _module_preset=&#8221;default&#8221; width=&#8221;100%&#8221; custom_padding=&#8221;0px||0px||false|false&#8221; global_colors_info=&#8221;{}&#8221;][et_pb_column type=&#8221;4_4&#8243; _builder_version=&#8221;4.27.0&#8243; _module_preset=&#8221;default&#8221; global_colors_info=&#8221;{}&#8221;][et_pb_text _builder_version=&#8221;4.27.2&#8243; _module_preset=&#8221;default&#8221; hover_enabled=&#8221;0&#8243; global_colors_info=&#8221;{}&#8221; sticky_enabled=&#8221;0&#8243;]<\/p>\n<h3>What to put on the balcony for the rest of the winter?<\/h3>\n<p>If, however, you want to decorate your balcony for the entire winter with non-Christmas decorations and accessories, we remind you that there are many materials that resist water and cold without problems: metal, plastic, water-repellent fabrics, fake flowers &#8211; which in the right situation are fun and original \u2013 glass, wood, berries, pine cones and then chestnuts, colored peels, cinnamon sticks, puppets and everything that inspires you to collect or buy.<\/p>\n<\/p>\n<h3>Here are the promised books to recognize your plants:<\/h3>\n<p>The botanical guides of the Royal Horticultural Society ed. Fabbri Editore \u201c<span style=\"text-decoration: underline;\"><a href=\"https:\/\/clk.tradedoubler.com\/click?p=217249&amp;a=3312358&amp;url=https%3A%2F%2Fwww.ibs.it%2Fannuali-biennali-libro-vari%2Fe%2F9788845078323%3FqueryId%3Da95e28bbd61d2bde7ff119c7affbfcc2\" target=\"_blank\" rel=\"noopener\">Annuali &amp; Biennali<\/a><\/span>\u201d and \u201c<span style=\"text-decoration: underline;\"><a href=\"https:\/\/clk.tradedoubler.com\/click?p=217249&amp;a=3312358&amp;url=https%3A%2F%2Fwww.ibs.it%2Fpiante-rocciose-libro-vari%2Fe%2F9788845079917%3FqueryId%3Da95e28bbd61d2bde7ff119c7affbfcc2\" target=\"_blank\" rel=\"noopener\">Piante Rocciose<\/a><\/span>\u201d;<\/p>\n<p>or &#8220;<span style=\"text-decoration: underline;\"><a href=\"https:\/\/clk.tradedoubler.com\/click?p=217249&amp;a=3312358&amp;url=https%3A%2F%2Fwww.ibs.it%2Fenciclopedia-delle-piante-da-giardino-libro-klaas-t-noordhuis%2Fe%2F9788854002500%3FqueryId%3De89371e49d240e3af66b1622e0f32303\" target=\"_blank\" rel=\"noopener\">L&#8217;Enciclopedia delle piante da giardino<\/a><\/span>&#8221; illustrated ed. White Star<\/p>\n<p>[\/et_pb_text][\/et_pb_column][\/et_pb_row][\/et_pb_section][et_pb_section fb_built=&#8221;1&#8243; admin_label=&#8221;Consiglio MDG&#8221; _builder_version=&#8221;4.27.0&#8243; _module_preset=&#8221;default&#8221; custom_margin=&#8221;30px||20px||false|false&#8221; custom_padding=&#8221;10px|20px|20px|20px|false|true&#8221; border_radii=&#8221;on|15px|15px|15px|15px&#8221; border_width_all=&#8221;4px&#8221; border_color_all=&#8221;#d5de75&#8243; global_colors_info=&#8221;{}&#8221;][et_pb_row _builder_version=&#8221;4.27.0&#8243; _module_preset=&#8221;default&#8221; width=&#8221;100%&#8221; custom_padding=&#8221;0px||0px||false|false&#8221; global_colors_info=&#8221;{}&#8221;][et_pb_column type=&#8221;4_4&#8243; _builder_version=&#8221;4.27.0&#8243; _module_preset=&#8221;default&#8221; global_colors_info=&#8221;{}&#8221;][et_pb_text _builder_version=&#8221;4.27.2&#8243; _module_preset=&#8221;default&#8221; hover_enabled=&#8221;0&#8243; global_colors_info=&#8221;{}&#8221; sticky_enabled=&#8221;0&#8243;]<\/p>\n<h1>The mondo del giardino advice<\/h1>\n<p>The secret to success is to stick to your own taste because only in this way will you have a harmonious result that you like. However, if there is more than one person deciding, they must agree on the common points.<\/p>\n<p>[\/et_pb_text][\/et_pb_column][\/et_pb_row][\/et_pb_section][et_pb_section fb_built=&#8221;1&#8243; admin_label=&#8221;Testo (100%)&#8221; _builder_version=&#8221;4.27.0&#8243; _module_preset=&#8221;default&#8221; global_colors_info=&#8221;{}&#8221;][et_pb_row _builder_version=&#8221;4.27.0&#8243; _module_preset=&#8221;default&#8221; width=&#8221;100%&#8221; custom_padding=&#8221;0px||0px||false|false&#8221; global_colors_info=&#8221;{}&#8221;][et_pb_column type=&#8221;4_4&#8243; _builder_version=&#8221;4.27.0&#8243; _module_preset=&#8221;default&#8221; global_colors_info=&#8221;{}&#8221;][et_pb_text _builder_version=&#8221;4.27.2&#8243; _module_preset=&#8221;default&#8221; hover_enabled=&#8221;0&#8243; global_colors_info=&#8221;{}&#8221; sticky_enabled=&#8221;0&#8243;]<\/p>\n<p>Now on horseback! Work awaits us! Our new wonderful outdoor space is about to be born!<\/p>\n<p>GOOD WORK and &#8230; if you have any questions please write to <a href=\"mailto:info@mondodelgiardino.com\">info@mondodelgiardino.com<\/a><\/p>\n<p>Image sources: for the photos we thank Pixabay and in particular Jim Black for the social image, Dagoberta for the cover, Kerstin Riemer, 12831137, congerdesign, 172619, Q K, Alfred Derks and 12019 for the closing. We also thank thegreenrevolution.it for the knitted tree.<\/p>\n<p>[\/et_pb_text][\/et_pb_column][\/et_pb_row][\/et_pb_section][et_pb_section fb_built=&#8221;1&#8243; admin_label=&#8221;Immagine (100%)&#8221; _builder_version=&#8221;4.27.0&#8243; custom_padding=&#8221;0px||20px||false|false&#8221; collapsed=&#8221;off&#8221; global_colors_info=&#8221;{}&#8221;][et_pb_row admin_label=&#8221;Riga&#8221; _builder_version=&#8221;4.27.0&#8243; background_size=&#8221;initial&#8221; background_position=&#8221;top_left&#8221; background_repeat=&#8221;repeat&#8221; width=&#8221;100%&#8221; custom_padding=&#8221;0px||0px||false|false&#8221; global_colors_info=&#8221;{}&#8221;][et_pb_column type=&#8221;4_4&#8243; _builder_version=&#8221;4.16&#8243; custom_padding=&#8221;|||&#8221; global_colors_info=&#8221;{}&#8221; custom_padding__hover=&#8221;|||&#8221;][et_pb_image src=&#8221;https:\/\/mondodelgiardino.com\/wp-content\/uploads\/2023\/12\/granada-12019-da-Pixabay.jpg&#8221; title_text=&#8221;granada-12019 da Pixabay&#8221; show_in_lightbox=&#8221;on&#8221; force_fullwidth=&#8221;on&#8221; _builder_version=&#8221;4.27.2&#8243; _module_preset=&#8221;default&#8221; global_colors_info=&#8221;{}&#8221;][\/et_pb_image][\/et_pb_column][\/et_pb_row][\/et_pb_section]<\/p>\n","protected":false},"excerpt":{"rendered":"<p>Wouldn&#8217;t you like to have a tidy, healthy and fun balcony? You don&#8217;t need much, but what you need is described in the article &#8220;Loved balconies in winter&#8221;.<\/p>\n","protected":false},"author":1,"featured_media":5691,"comment_status":"closed","ping_status":"closed","sticky":false,"template":"","format":"standard","meta":{"_et_pb_use_builder":"on","_et_pb_old_content":"[et_pb_section fb_built=\"1\" admin_label=\"Testo (100%)\" _builder_version=\"4.27.0\" _module_preset=\"default\" global_colors_info=\"{}\" theme_builder_area=\"post_content\"][et_pb_row _builder_version=\"4.27.0\" _module_preset=\"default\" width=\"100%\" custom_padding=\"0px||0px||false|false\" global_colors_info=\"{}\" theme_builder_area=\"post_content\"][et_pb_column type=\"4_4\" _builder_version=\"4.27.0\" _module_preset=\"default\" global_colors_info=\"{}\" theme_builder_area=\"post_content\"][et_pb_text _builder_version=\"4.27.2\" _module_preset=\"default\" hover_enabled=\"0\" global_colors_info=\"{}\" theme_builder_area=\"post_content\" sticky_enabled=\"0\"]<h2>Sapete come proteggere le piante del balcone in inverno? No? Ecco i consigli di Mondo del Giardino<\/h2>\r\n<p>I nostri amati balconi! Li abbiamo curati con amore in primavera ed estate godendo dei frutti della nostra dedizione ed ora soffriamo pensando che forse perderemo qualche pianta perch\u00e9 non sappiamo come proteggerla.<\/p>\r\n<p>Non vi preoccupate, eccoci al vostro fianco a combattere il freddo.<\/p>\r\n<h2>Come coprire le piante sul balcone in inverno?<\/h2>\r\n<p><strong>Partiamo dalle basi: bisogna proteggere le radici<\/strong><\/p>\r\n<p>Prima di tutto diciamo che la parte a rischio di congelamento o sofferenza da freddo non \u00e8 la parte aerea, ma le radici. Deriva quindi che dobbiamo proteggere il vaso e non le foglie ed i rami.<\/p>\r\n<p>Se quindi pensate di aver protetto la pianta in vaso chiudendo la chioma dentro il tessuto-non-tessuto non lo avete fatto. Inoltre la copertura della parte aerea rischia di fermare la pioggia che innaffia il vaso mandando la pianta anche in sofferenza idrica.<\/p>\r\n<p>In realt\u00e0, per la copertura aerea in rete troverete pareri discordanti. Anche le riviste suggeriscono questo tipo di copertura. Facciamo quindi un po\u2019 di chiarezza.<\/p>\r\n<p>Certe volte, in giardino, e quindi in piena terra, potreste aver piantato una essenza che non \u00e8 proprio locale e quindi fragile per il freddo. Potrebbe essere un limone che \u00e8 semi sempreverde. In questo caso le radici sono gi\u00e0 al massimo della protezione o lo diventano con della paglia o pacciamatura intorno al colletto, ma per evitare danni da gelo anche alle foglie, pu\u00f2 essere utile il tessuto-non-tessuto.<\/p>\r\n<p>In vaso invece vale quello che abbiamo scritto ed il tessuto-non-tessuto ha un senso solo se la pianta non \u00e8 protetta da un angolo particolarmente esposto al vento gelido, e comunque va principalmente protetto il vaso.<\/p>\r\n<p>\u00a0<\/p>[\/et_pb_text][\/et_pb_column][\/et_pb_row][\/et_pb_section][et_pb_section fb_built=\"1\" admin_label=\"Immagine (100%)\" _builder_version=\"4.27.0\" custom_padding=\"0px||20px||false|false\" collapsed=\"off\" global_colors_info=\"{}\" theme_builder_area=\"post_content\"][et_pb_row admin_label=\"Riga\" _builder_version=\"4.27.0\" background_size=\"initial\" background_position=\"top_left\" background_repeat=\"repeat\" width=\"100%\" custom_padding=\"0px||0px||false|false\" global_colors_info=\"{}\" theme_builder_area=\"post_content\"][et_pb_column type=\"4_4\" _builder_version=\"4.16\" custom_padding=\"|||\" global_colors_info=\"{}\" custom_padding__hover=\"|||\" theme_builder_area=\"post_content\"][et_pb_image src=\"https:\/\/mondodelgiardino.com\/wp-content\/uploads\/2023\/12\/gardens-of-the-world-Kerstin-Riemer-da-Pixabay.jpg\" title_text=\"gardens-of-the-world-Kerstin Riemer da Pixabay\" show_in_lightbox=\"on\" force_fullwidth=\"on\" _builder_version=\"4.27.2\" _module_preset=\"default\" hover_enabled=\"0\" global_colors_info=\"{}\" theme_builder_area=\"post_content\" sticky_enabled=\"0\"][\/et_pb_image][\/et_pb_column][\/et_pb_row][\/et_pb_section][et_pb_section fb_built=\"1\" admin_label=\"Testo (100%)\" _builder_version=\"4.27.0\" _module_preset=\"default\" global_colors_info=\"{}\" theme_builder_area=\"post_content\"][et_pb_row _builder_version=\"4.27.0\" _module_preset=\"default\" width=\"100%\" custom_padding=\"0px||0px||false|false\" global_colors_info=\"{}\" theme_builder_area=\"post_content\"][et_pb_column type=\"4_4\" _builder_version=\"4.27.0\" _module_preset=\"default\" global_colors_info=\"{}\" theme_builder_area=\"post_content\"][et_pb_text _builder_version=\"4.27.2\" _module_preset=\"default\" hover_enabled=\"0\" global_colors_info=\"{}\" theme_builder_area=\"post_content\" sticky_enabled=\"0\"]<h2>Ma le piante non vanno a riposo in inverno? Perch\u00e9 e come dobbiamo occuparcene?<\/h2>\r\n<p>Immaginiamo gi\u00e0 la vostra prossima domanda: ma la pianta non va in riposo in inverno? Le piante decidue, cio\u00e8 quelle che perdono completamente le foglie vanno a riposo. Le piante sempreverdi o semi sempreverdi no, a causa di questo vanno bagnate regolarmente.<\/p>\r\n<blockquote>\r\n<p>Conviene fare un\u2019altra specifica e cio\u00e8 differenziare tra le piante che sono sotto l\u2019acqua e quelle che invece sono sul balcone, ma al coperto. Le piante sottoposte alle piogge, se piove, possono accontentarsi di quella mentre le altre vanno bagnate.<\/p>\r\n<\/blockquote>\r\n<h3>\u00a0<\/h3>\r\n<h2>Una soluzione semplice per coprire i vasi delle nostre piante e proteggere le radici dal freddo<\/h2>\r\n<p><strong>Ora che sappiamo che vanno protetti i vasi dobbiamo capire come.<\/strong><\/p>\r\n<blockquote>\r\n<p>Come coprire le piante sul balcone in inverno? Che materiali utilizzare per coprire i vasi? C'\u00e8 una soluzione semplice e magari economica?<\/p>\r\n<\/blockquote>\r\n<p>Il cartone \u00e8 un ottimo isolante, sia per il tipo di materiale, sia perch\u00e9 crea una camera d\u2019aria tra il vaso e la temperatura esterna.<\/p>\r\n<p><strong>Se prendete una scatola di cartone dell\u2019altezza del vaso e la posizionate intorno ad una distanza di circa 5 cm otterrete un ottimo isolante con pochi euro.<\/strong><\/p>\r\n<p>Vi sentiamo gi\u00e0 chiedere: ma il cartone sotto l\u2019acqua non si bagna? Certo non potrete usare lo stesso cartone per pi\u00f9 di un inverno, ma il materiale degli scatoloni \u00e8 pi\u00f9 resistente di quel che si crede per cui resister\u00e0 quei 3 mesi necessari a proteggere i vasi nel periodo pi\u00f9 freddo pur bagnandosi.<\/p>\r\n<p>\u00a0<\/p>[\/et_pb_text][\/et_pb_column][\/et_pb_row][\/et_pb_section][et_pb_section fb_built=\"1\" admin_label=\"Immagine (100%)\" _builder_version=\"4.27.0\" custom_padding=\"0px||20px||false|false\" collapsed=\"off\" global_colors_info=\"{}\" theme_builder_area=\"post_content\"][et_pb_row admin_label=\"Riga\" _builder_version=\"4.27.0\" background_size=\"initial\" background_position=\"top_left\" background_repeat=\"repeat\" width=\"100%\" custom_padding=\"0px||0px||false|false\" global_colors_info=\"{}\" theme_builder_area=\"post_content\"][et_pb_column type=\"4_4\" _builder_version=\"4.16\" custom_padding=\"|||\" global_colors_info=\"{}\" custom_padding__hover=\"|||\" theme_builder_area=\"post_content\"][et_pb_image src=\"https:\/\/mondodelgiardino.com\/wp-content\/uploads\/2023\/12\/albero-con-maglia_thegreenrevolutionit.jpg\" title_text=\"albero con maglia_thegreenrevolutionit\" show_in_lightbox=\"on\" force_fullwidth=\"on\" _builder_version=\"4.27.2\" _module_preset=\"default\" hover_enabled=\"0\" global_colors_info=\"{}\" theme_builder_area=\"post_content\" sticky_enabled=\"0\"][\/et_pb_image][\/et_pb_column][\/et_pb_row][\/et_pb_section][et_pb_section fb_built=\"1\" admin_label=\"Testo (100%)\" _builder_version=\"4.27.0\" _module_preset=\"default\" global_colors_info=\"{}\" theme_builder_area=\"post_content\"][et_pb_row _builder_version=\"4.27.0\" _module_preset=\"default\" width=\"100%\" custom_padding=\"0px||0px||false|false\" global_colors_info=\"{}\" theme_builder_area=\"post_content\"][et_pb_column type=\"4_4\" _builder_version=\"4.27.0\" _module_preset=\"default\" global_colors_info=\"{}\" theme_builder_area=\"post_content\"][et_pb_text _builder_version=\"4.27.2\" _module_preset=\"default\" hover_enabled=\"0\" global_colors_info=\"{}\" theme_builder_area=\"post_content\" sticky_enabled=\"0\"]<h3>\u00a0<\/h3>\r\n<h3><strong>Come migliorare l\u2019estetica del cartone che abbiamo usato per proteggere i vasi?<\/strong><\/h3>\r\n<p>Se avete un balcone o terrazzo elegante forse l\u2019idea del cartone non vi soddisfa e lo capiamo. Potrete sempre ricoprirlo di una pellicola estetica all\u2019esterno che copra il cartone oppure usare i \u201cdissuasori\u201d di cui parleremo dopo.<\/p>\r\n<p><strong>Questi primi suggerimenti dovrebbero permettervi di risolvere la questione velocemente.<\/strong><\/p>\r\n<p>Se invece siete precisi e volete approfondire il discorso procederemo con qualche informazione in pi\u00f9.<\/p>\r\n<p>\u00a0<\/p>[\/et_pb_text][\/et_pb_column][\/et_pb_row][\/et_pb_section][et_pb_section fb_built=\"1\" admin_label=\"Immagine (100%)\" _builder_version=\"4.27.0\" custom_padding=\"0px||20px||false|false\" collapsed=\"off\" global_colors_info=\"{}\" theme_builder_area=\"post_content\"][et_pb_row admin_label=\"Riga\" _builder_version=\"4.27.0\" background_size=\"initial\" background_position=\"top_left\" background_repeat=\"repeat\" width=\"100%\" custom_padding=\"0px||0px||false|false\" global_colors_info=\"{}\" theme_builder_area=\"post_content\"][et_pb_column type=\"4_4\" _builder_version=\"4.16\" custom_padding=\"|||\" global_colors_info=\"{}\" custom_padding__hover=\"|||\" theme_builder_area=\"post_content\"][et_pb_image src=\"https:\/\/mondodelgiardino.com\/wp-content\/uploads\/2023\/12\/ecology-12831137-da-Pixabay.jpg\" title_text=\"ecology-12831137 da Pixabay\" show_in_lightbox=\"on\" force_fullwidth=\"on\" _builder_version=\"4.27.2\" _module_preset=\"default\" hover_enabled=\"0\" global_colors_info=\"{}\" theme_builder_area=\"post_content\" sticky_enabled=\"0\"][\/et_pb_image][\/et_pb_column][\/et_pb_row][\/et_pb_section][et_pb_section fb_built=\"1\" admin_label=\"Testo (100%)\" _builder_version=\"4.27.0\" _module_preset=\"default\" global_colors_info=\"{}\" theme_builder_area=\"post_content\"][et_pb_row _builder_version=\"4.27.0\" _module_preset=\"default\" width=\"100%\" custom_padding=\"0px||0px||false|false\" global_colors_info=\"{}\" theme_builder_area=\"post_content\"][et_pb_column type=\"4_4\" _builder_version=\"4.27.0\" _module_preset=\"default\" global_colors_info=\"{}\" theme_builder_area=\"post_content\"][et_pb_text _builder_version=\"4.27.2\" _module_preset=\"default\" hover_enabled=\"0\" global_colors_info=\"{}\" theme_builder_area=\"post_content\" sticky_enabled=\"0\"]<h2>Approfondite le vostre piante: Le conoscete abbastanza per potervi prendere cura di loro?<\/h2>\r\n<p>Comprate solo le piante alle mostre mercato e non al supermercato, conoscete i nomi delle vostre piante, avete scelto i colori ed i periodi di fioritura per avere sempre qualcosa di fiorito o profumato sul balcone oppure, siete solo stufi di vedere le piante che vi muoiono sul balcone? Se avete risposto si a qualcuna di queste domande siete tra coloro che vogliono approfondire.<\/p>\r\n<blockquote>\r\n<p>Se non sapete i nomi delle piante che avete sul balcone \u00e8 ora di impararlo.<\/p>\r\n<\/blockquote>\r\n<p>Esistono diverse applicazioni che vi aiutano a riconoscere la pianta fotografando la foglia, questo potrebbe aiutarvi come anche procurarvi il catalogo di qualche importante vivaio della vostra zona o un libro di piante. Alla fine dell\u2019articolo vi daremo qualche nome.<\/p>\r\n<blockquote>\r\n<p>A cosa serve sapere che piante avete sul balcone?<\/p>\r\n<\/blockquote>\r\n<p>Perch\u00e9 vi dice anche a che temperatura resiste. Se arriva a -10 state abbastanza tranquilli anche se non coprite i vasi, ma se avete una pianta che sotto lo zero muore sapete di dover coprire almeno quella.<\/p>\r\n<p>\u00a0<\/p>[\/et_pb_text][\/et_pb_column][\/et_pb_row][\/et_pb_section][et_pb_section fb_built=\"1\" admin_label=\"Immagine (100%)\" _builder_version=\"4.27.0\" custom_padding=\"0px||20px||false|false\" collapsed=\"off\" global_colors_info=\"{}\" theme_builder_area=\"post_content\"][et_pb_row admin_label=\"Riga\" _builder_version=\"4.27.0\" background_size=\"initial\" background_position=\"top_left\" background_repeat=\"repeat\" width=\"100%\" custom_padding=\"0px||0px||false|false\" global_colors_info=\"{}\" theme_builder_area=\"post_content\"][et_pb_column type=\"4_4\" _builder_version=\"4.16\" custom_padding=\"|||\" global_colors_info=\"{}\" custom_padding__hover=\"|||\" theme_builder_area=\"post_content\"][et_pb_image src=\"https:\/\/mondodelgiardino.com\/wp-content\/uploads\/2023\/12\/plants-congerdesign-da-Pixabay.jpg\" title_text=\"plants-congerdesign da Pixabay\" show_in_lightbox=\"on\" force_fullwidth=\"on\" _builder_version=\"4.27.2\" _module_preset=\"default\" hover_enabled=\"0\" global_colors_info=\"{}\" theme_builder_area=\"post_content\" sticky_enabled=\"0\"][\/et_pb_image][\/et_pb_column][\/et_pb_row][\/et_pb_section][et_pb_section fb_built=\"1\" admin_label=\"Testo (100%)\" _builder_version=\"4.27.0\" _module_preset=\"default\" global_colors_info=\"{}\" theme_builder_area=\"post_content\"][et_pb_row _builder_version=\"4.27.0\" _module_preset=\"default\" width=\"100%\" custom_padding=\"0px||0px||false|false\" global_colors_info=\"{}\" theme_builder_area=\"post_content\"][et_pb_column type=\"4_4\" _builder_version=\"4.27.0\" _module_preset=\"default\" global_colors_info=\"{}\" theme_builder_area=\"post_content\"][et_pb_text _builder_version=\"4.27.2\" _module_preset=\"default\" hover_enabled=\"0\" global_colors_info=\"{}\" theme_builder_area=\"post_content\" sticky_enabled=\"0\"]<h3><strong>Come e quando potare le piante del vostro balcone<\/strong><\/h3>\r\n<p>In inverno si eseguono le potature. Anche per questo vi serve sapere il nome della vostra pianta perch\u00e9 ogni pianta ha periodi di potatura diversa a seconda che fiorisca sul ramo dell\u2019anno o su quello degli anni precedenti. Magari non avete mai visto fiori sulla vostra pianta per questo motivo.<\/p>\r\n<blockquote>\r\n<p>Potete scoprire tutto sulle potature e sulle singole piante negli articoli dedicati a questo argomento <span style=\"text-decoration: underline;\"><a href=\"https:\/\/mondodelgiardino.com\/la-potatura-delle-piante-in-giardino\/\" target=\"_blank\" rel=\"noopener\">qui<\/a><\/span><\/p>\r\n<\/blockquote>\r\n<h3><strong>Pulizia e manutenzione delle piante da balcone<\/strong><\/h3>\r\n<p>Cose forse meno impegnative, ma ugualmente importanti per proteggere le vostre piante sono il togliere le foglie morte usandole magari come copertura per la terra nei vasi, legare i tralci delle rampicanti ordinatamente sui supporti, portare dentro definitivamente le piante grasse e le orchidee che avevate portato fuori con la bella stagione mantenendole nei loro vasi.<\/p>\r\n<p>\u00a0<\/p>[\/et_pb_text][\/et_pb_column][\/et_pb_row][\/et_pb_section][et_pb_section fb_built=\"1\" admin_label=\"Immagine (100%)\" _builder_version=\"4.27.0\" custom_padding=\"0px||20px||false|false\" collapsed=\"off\" global_colors_info=\"{}\" theme_builder_area=\"post_content\"][et_pb_row admin_label=\"Riga\" _builder_version=\"4.27.0\" background_size=\"initial\" background_position=\"top_left\" background_repeat=\"repeat\" width=\"100%\" custom_padding=\"0px||0px||false|false\" global_colors_info=\"{}\" theme_builder_area=\"post_content\"][et_pb_column type=\"4_4\" _builder_version=\"4.16\" custom_padding=\"|||\" global_colors_info=\"{}\" custom_padding__hover=\"|||\" theme_builder_area=\"post_content\"][et_pb_image src=\"https:\/\/mondodelgiardino.com\/wp-content\/uploads\/2023\/12\/garden-wal_172619-da-Pixabay.jpg\" title_text=\"garden-wal_172619 da Pixabay\" show_in_lightbox=\"on\" force_fullwidth=\"on\" _builder_version=\"4.27.2\" _module_preset=\"default\" hover_enabled=\"0\" global_colors_info=\"{}\" theme_builder_area=\"post_content\" sticky_enabled=\"0\"][\/et_pb_image][\/et_pb_column][\/et_pb_row][\/et_pb_section][et_pb_section fb_built=\"1\" admin_label=\"Testo (100%)\" _builder_version=\"4.27.0\" _module_preset=\"default\" global_colors_info=\"{}\" theme_builder_area=\"post_content\"][et_pb_row _builder_version=\"4.27.0\" _module_preset=\"default\" width=\"100%\" custom_padding=\"0px||0px||false|false\" global_colors_info=\"{}\" theme_builder_area=\"post_content\"][et_pb_column type=\"4_4\" _builder_version=\"4.27.0\" _module_preset=\"default\" global_colors_info=\"{}\" theme_builder_area=\"post_content\"][et_pb_text _builder_version=\"4.27.2\" _module_preset=\"default\" hover_enabled=\"0\" global_colors_info=\"{}\" theme_builder_area=\"post_content\" sticky_enabled=\"0\"]<h2>\u00a0<\/h2>\r\n<h2>Amati balconi in inverno: Come possiamo abbellirli?<\/h2>\r\n<p>Ora che abbiamo protetto i nostri vasi e le nostre amate piante possiamo lasciarci andare a rendere il nostro spazio esterno bello da guardare da dietro la finestra o arrivando a casa dalla strada.<\/p>\r\n<p>La superficie dei vasi infatti cos\u00ec piatta e fissa si presta benissimo per essere ricoperta da fantasia e creativit\u00e0 permettendo anche di dissimulare i cartoni.<\/p>[\/et_pb_text][\/et_pb_column][\/et_pb_row][\/et_pb_section][et_pb_section fb_built=\"1\" admin_label=\"Immagine (100%)\" _builder_version=\"4.27.0\" custom_padding=\"0px||20px||false|false\" collapsed=\"off\" global_colors_info=\"{}\" theme_builder_area=\"post_content\"][et_pb_row admin_label=\"Riga\" _builder_version=\"4.27.0\" background_size=\"initial\" background_position=\"top_left\" background_repeat=\"repeat\" width=\"100%\" custom_padding=\"0px||0px||false|false\" global_colors_info=\"{}\" theme_builder_area=\"post_content\"][et_pb_column type=\"4_4\" _builder_version=\"4.16\" custom_padding=\"|||\" global_colors_info=\"{}\" custom_padding__hover=\"|||\" theme_builder_area=\"post_content\"][et_pb_image src=\"https:\/\/mondodelgiardino.com\/wp-content\/uploads\/2023\/12\/umbrellas-Q-K-da-Pixabay.jpg\" title_text=\"umbrellas-Q K da Pixabay\" show_in_lightbox=\"on\" force_fullwidth=\"on\" _builder_version=\"4.27.2\" _module_preset=\"default\" hover_enabled=\"0\" global_colors_info=\"{}\" theme_builder_area=\"post_content\" sticky_enabled=\"0\"][\/et_pb_image][\/et_pb_column][\/et_pb_row][\/et_pb_section][et_pb_section fb_built=\"1\" admin_label=\"Testo (100%)\" _builder_version=\"4.27.0\" _module_preset=\"default\" global_colors_info=\"{}\" theme_builder_area=\"post_content\"][et_pb_row _builder_version=\"4.27.0\" _module_preset=\"default\" width=\"100%\" custom_padding=\"0px||0px||false|false\" global_colors_info=\"{}\" theme_builder_area=\"post_content\"][et_pb_column type=\"4_4\" _builder_version=\"4.27.0\" _module_preset=\"default\" global_colors_info=\"{}\" theme_builder_area=\"post_content\"][et_pb_text _builder_version=\"4.27.2\" _module_preset=\"default\" hover_enabled=\"0\" global_colors_info=\"{}\" theme_builder_area=\"post_content\" sticky_enabled=\"0\"]<h3>Il Natale: Come addobbare il balcone per le feste natalizie?<\/h3>\r\n<p>Per esempio a dicembre, una volta inseriti i cartoni, si potrebbero coprire con dei festoni per l\u2019albero - verdi o scintillanti a seconda dei gusti - fare un villaggio di gnomi, appendere qui e l\u00e0 palle di natale, fare dei fiocchi rossi da appendere ritmicamente sulla ringhiera.<\/p>[\/et_pb_text][\/et_pb_column][\/et_pb_row][\/et_pb_section][et_pb_section fb_built=\"1\" admin_label=\"Immagine (100%)\" _builder_version=\"4.27.0\" custom_padding=\"0px||20px||false|false\" collapsed=\"off\" global_colors_info=\"{}\" theme_builder_area=\"post_content\"][et_pb_row admin_label=\"Riga\" _builder_version=\"4.27.0\" background_size=\"initial\" background_position=\"top_left\" background_repeat=\"repeat\" width=\"100%\" custom_padding=\"0px||0px||false|false\" global_colors_info=\"{}\" theme_builder_area=\"post_content\"][et_pb_column type=\"4_4\" _builder_version=\"4.16\" custom_padding=\"|||\" global_colors_info=\"{}\" custom_padding__hover=\"|||\" theme_builder_area=\"post_content\"][et_pb_image src=\"https:\/\/mondodelgiardino.com\/wp-content\/uploads\/2023\/12\/christmas-Alfred-Derks-da-Pixabay.jpg\" title_text=\"christmas-Alfred Derks da Pixabay\" show_in_lightbox=\"on\" force_fullwidth=\"on\" _builder_version=\"4.27.2\" _module_preset=\"default\" hover_enabled=\"0\" global_colors_info=\"{}\" theme_builder_area=\"post_content\" sticky_enabled=\"0\"][\/et_pb_image][\/et_pb_column][\/et_pb_row][\/et_pb_section][et_pb_section fb_built=\"1\" admin_label=\"Testo (100%)\" _builder_version=\"4.27.0\" _module_preset=\"default\" global_colors_info=\"{}\" theme_builder_area=\"post_content\"][et_pb_row _builder_version=\"4.27.0\" _module_preset=\"default\" width=\"100%\" custom_padding=\"0px||0px||false|false\" global_colors_info=\"{}\" theme_builder_area=\"post_content\"][et_pb_column type=\"4_4\" _builder_version=\"4.27.0\" _module_preset=\"default\" global_colors_info=\"{}\" theme_builder_area=\"post_content\"][et_pb_text _builder_version=\"4.27.2\" _module_preset=\"default\" hover_enabled=\"0\" global_colors_info=\"{}\" theme_builder_area=\"post_content\" sticky_enabled=\"0\"]<h3>Cosa mettere sul balcone il resto dell\u2019inverno?<\/h3>\r\n<p>Se invece volete addobbare il vostro balcone per l\u2019intero inverno con decorazioni ed accessori non natalizi vi ricordiamo che ci sono moltissimi materiali che resistono all\u2019acqua ed al freddo senza problemi: il metallo, la plastica, i tessuti idrorepellenti, i fiori finti \u2013 che nella giusta situazione sono divertenti e originali \u2013 il vetro, il legno, le bacche, le pigne e poi le castagne, le bucce colorate, i bastoncini di cannella, i pupazzi e tutto quello che vi ispira raccogliere o comprare.<\/p>\r\n<p>\u00a0<\/p>\r\n<h3>Ecco i libri promessi per riconoscere le vostre piante:<\/h3>\r\n<p>Le guide botaniche della Royal Horticultural Society ed. Fabbri Editore \u201c<span style=\"text-decoration: underline;\"><a href=\"https:\/\/clk.tradedoubler.com\/click?p=217249&a=3312358&url=https%3A%2F%2Fwww.ibs.it%2Fannuali-biennali-libro-vari%2Fe%2F9788845078323%3FqueryId%3Da95e28bbd61d2bde7ff119c7affbfcc2\" target=\"_blank\" rel=\"noopener\">Annuali & Biennali<\/a><\/span>\u201d e \u201c<span style=\"text-decoration: underline;\"><a href=\"https:\/\/clk.tradedoubler.com\/click?p=217249&a=3312358&url=https%3A%2F%2Fwww.ibs.it%2Fpiante-rocciose-libro-vari%2Fe%2F9788845079917%3FqueryId%3Da95e28bbd61d2bde7ff119c7affbfcc2\" target=\"_blank\" rel=\"noopener\">Piante Rocciose<\/a><\/span>\u201d;<\/p>\r\n<p>oppure \"<span style=\"text-decoration: underline;\"><a href=\"https:\/\/clk.tradedoubler.com\/click?p=217249&a=3312358&url=https%3A%2F%2Fwww.ibs.it%2Fenciclopedia-delle-piante-da-giardino-libro-klaas-t-noordhuis%2Fe%2F9788854002500%3FqueryId%3De89371e49d240e3af66b1622e0f32303\" target=\"_blank\" rel=\"noopener\">L'Enciclopedia delle piante da giardino<\/a><\/span>\" illustrata ed. White Star<\/p>[\/et_pb_text][\/et_pb_column][\/et_pb_row][\/et_pb_section][et_pb_section fb_built=\"1\" admin_label=\"Consiglio MDG\" _builder_version=\"4.27.0\" _module_preset=\"default\" custom_margin=\"30px||20px||false|false\" custom_padding=\"10px|20px|20px|20px|false|true\" border_radii=\"on|15px|15px|15px|15px\" border_width_all=\"4px\" border_color_all=\"#d5de75\" global_colors_info=\"{}\" theme_builder_area=\"post_content\"][et_pb_row _builder_version=\"4.27.0\" _module_preset=\"default\" width=\"100%\" custom_padding=\"0px||0px||false|false\" global_colors_info=\"{}\" theme_builder_area=\"post_content\"][et_pb_column type=\"4_4\" _builder_version=\"4.27.0\" _module_preset=\"default\" global_colors_info=\"{}\" theme_builder_area=\"post_content\"][et_pb_text _builder_version=\"4.27.2\" _module_preset=\"default\" hover_enabled=\"0\" global_colors_info=\"{}\" theme_builder_area=\"post_content\" sticky_enabled=\"0\"]<h1>Il consiglio del mondo del giardino<\/h1>\r\n<p>Il segreto del successo \u00e8 rimanere aderenti al proprio gusto perch\u00e9 solo cos\u00ec si avr\u00e0 un risultato armonico e che ci piace. Se invece si \u00e8 in pi\u00f9 di uno a decidere ci si deve accordare sui punti comuni.<\/p>[\/et_pb_text][\/et_pb_column][\/et_pb_row][\/et_pb_section][et_pb_section fb_built=\"1\" admin_label=\"Testo (100%)\" _builder_version=\"4.27.0\" _module_preset=\"default\" global_colors_info=\"{}\" theme_builder_area=\"post_content\"][et_pb_row _builder_version=\"4.27.0\" _module_preset=\"default\" width=\"100%\" custom_padding=\"0px||0px||false|false\" global_colors_info=\"{}\" theme_builder_area=\"post_content\"][et_pb_column type=\"4_4\" _builder_version=\"4.27.0\" _module_preset=\"default\" global_colors_info=\"{}\" theme_builder_area=\"post_content\"][et_pb_text _builder_version=\"4.27.2\" _module_preset=\"default\" hover_enabled=\"0\" global_colors_info=\"{}\" theme_builder_area=\"post_content\" sticky_enabled=\"0\"]<p>Ora a cavallo! Il lavoro ci aspetta! Il nostro nuovo meraviglioso spazio esterno sta per nascere!<\/p>\r\n<p>BUON LAVORO e\u2026se avete domande scrivete pure a <a href=\"mailto:info@mondodelgiardino.com\">info@mondodelgiardino.com<\/a><\/p>\r\n<p>Fonti delle immagini: per le foto si ringrazia Pixabay ed in particolare Jim Black per l\u2019immagine social, Dagoberta per la copertina, Kerstin Riemer, 12831137, congerdesign, 172619, Q K, Alfred Derks e 12019 per la chiusura. Ringraziamo inoltre thegreenrevolution.it per l\u2019albero vestito di maglia.<\/p>[\/et_pb_text][\/et_pb_column][\/et_pb_row][\/et_pb_section][et_pb_section fb_built=\"1\" admin_label=\"Immagine (100%)\" _builder_version=\"4.27.0\" custom_padding=\"0px||20px||false|false\" collapsed=\"off\" global_colors_info=\"{}\" theme_builder_area=\"post_content\"][et_pb_row admin_label=\"Riga\" _builder_version=\"4.27.0\" background_size=\"initial\" background_position=\"top_left\" background_repeat=\"repeat\" width=\"100%\" custom_padding=\"0px||0px||false|false\" global_colors_info=\"{}\" theme_builder_area=\"post_content\"][et_pb_column type=\"4_4\" _builder_version=\"4.16\" custom_padding=\"|||\" global_colors_info=\"{}\" custom_padding__hover=\"|||\" theme_builder_area=\"post_content\"][et_pb_image src=\"https:\/\/mondodelgiardino.com\/wp-content\/uploads\/2023\/12\/granada-12019-da-Pixabay.jpg\" title_text=\"granada-12019 da Pixabay\" show_in_lightbox=\"on\" force_fullwidth=\"on\" _builder_version=\"4.27.2\" _module_preset=\"default\" hover_enabled=\"0\" global_colors_info=\"{}\" theme_builder_area=\"post_content\" sticky_enabled=\"0\"][\/et_pb_image][\/et_pb_column][\/et_pb_row][\/et_pb_section]","_et_gb_content_width":"","footnotes":""},"categories":[29],"tags":[237,238,239,66,240,241,242,243],"class_list":["post-5705","post","type-post","status-publish","format-standard","has-post-thumbnail","hentry","category-gardening","tag-balconies","tag-balcony","tag-green-care","tag-mondodelgiardino-en","tag-pots","tag-potted-plant","tag-terrace","tag-terraces"],"yoast_head":"<!-- This site is optimized with the Yoast SEO plugin v26.2 - https:\/\/yoast.com\/wordpress\/plugins\/seo\/ -->\n<title>Loved balconies in winter - Mondo del Giardino<\/title>\n<meta name=\"description\" content=\"Wouldn&#039;t you like to have a tidy, healthy and fun balcony? what you need is described in the article \u201cLoved balconies in winter\u201d\" \/>\n<meta name=\"robots\" content=\"index, follow, max-snippet:-1, max-image-preview:large, max-video-preview:-1\" \/>\n<link rel=\"canonical\" href=\"https:\/\/mondodelgiardino.com\/en\/loved-balconies-in-winter\/\" \/>\n<meta property=\"og:locale\" content=\"en_US\" \/>\n<meta property=\"og:type\" content=\"article\" \/>\n<meta property=\"og:title\" content=\"Loved balconies in winter - Mondo del Giardino\" \/>\n<meta property=\"og:description\" content=\"Wouldn&#039;t you like to have a tidy, healthy and fun balcony? what you need is described in the article \u201cLoved balconies in winter\u201d\" \/>\n<meta property=\"og:url\" content=\"https:\/\/mondodelgiardino.com\/en\/loved-balconies-in-winter\/\" \/>\n<meta property=\"og:site_name\" content=\"Mondo del Giardino\" \/>\n<meta property=\"article:publisher\" content=\"https:\/\/www.facebook.com\/mondodelgiardino\" \/>\n<meta property=\"article:published_time\" content=\"2023-12-08T12:55:51+00:00\" \/>\n<meta property=\"article:modified_time\" content=\"2024-10-23T13:15:12+00:00\" \/>\n<meta property=\"og:image\" content=\"https:\/\/mondodelgiardino.com\/wp-content\/uploads\/2023\/12\/christmas-balls-Dagoberta-da-Pixabay.jpg\" \/>\n\t<meta property=\"og:image:width\" content=\"1280\" \/>\n\t<meta property=\"og:image:height\" content=\"720\" \/>\n\t<meta property=\"og:image:type\" content=\"image\/jpeg\" \/>\n<meta name=\"author\" content=\"admin\" \/>\n<meta name=\"twitter:card\" content=\"summary_large_image\" \/>\n<meta name=\"twitter:label1\" content=\"Written by\" \/>\n\t<meta name=\"twitter:data1\" content=\"admin\" \/>\n\t<meta name=\"twitter:label2\" content=\"Est. reading time\" \/>\n\t<meta name=\"twitter:data2\" content=\"9 minutes\" \/>\n<script type=\"application\/ld+json\" class=\"yoast-schema-graph\">{\"@context\":\"https:\/\/schema.org\",\"@graph\":[{\"@type\":\"Article\",\"@id\":\"https:\/\/mondodelgiardino.com\/en\/loved-balconies-in-winter\/#article\",\"isPartOf\":{\"@id\":\"https:\/\/mondodelgiardino.com\/en\/loved-balconies-in-winter\/\"},\"author\":{\"name\":\"admin\",\"@id\":\"https:\/\/mondodelgiardino.com\/en\/#\/schema\/person\/59fa8845bd0c10f5cfb08a435f1e4d23\"},\"headline\":\"Loved balconies in winter\",\"datePublished\":\"2023-12-08T12:55:51+00:00\",\"dateModified\":\"2024-10-23T13:15:12+00:00\",\"mainEntityOfPage\":{\"@id\":\"https:\/\/mondodelgiardino.com\/en\/loved-balconies-in-winter\/\"},\"wordCount\":3037,\"publisher\":{\"@id\":\"https:\/\/mondodelgiardino.com\/en\/#organization\"},\"image\":{\"@id\":\"https:\/\/mondodelgiardino.com\/en\/loved-balconies-in-winter\/#primaryimage\"},\"thumbnailUrl\":\"https:\/\/mondodelgiardino.com\/wp-content\/uploads\/2023\/12\/christmas-balls-Dagoberta-da-Pixabay.jpg\",\"keywords\":[\"balconies\",\"balcony\",\"green care\",\"mondodelgiardino\",\"pots\",\"potted plant\",\"terrace\",\"terraces\"],\"articleSection\":[\"Gardening\"],\"inLanguage\":\"en-US\"},{\"@type\":\"WebPage\",\"@id\":\"https:\/\/mondodelgiardino.com\/en\/loved-balconies-in-winter\/\",\"url\":\"https:\/\/mondodelgiardino.com\/en\/loved-balconies-in-winter\/\",\"name\":\"Loved balconies in winter - Mondo del Giardino\",\"isPartOf\":{\"@id\":\"https:\/\/mondodelgiardino.com\/en\/#website\"},\"primaryImageOfPage\":{\"@id\":\"https:\/\/mondodelgiardino.com\/en\/loved-balconies-in-winter\/#primaryimage\"},\"image\":{\"@id\":\"https:\/\/mondodelgiardino.com\/en\/loved-balconies-in-winter\/#primaryimage\"},\"thumbnailUrl\":\"https:\/\/mondodelgiardino.com\/wp-content\/uploads\/2023\/12\/christmas-balls-Dagoberta-da-Pixabay.jpg\",\"datePublished\":\"2023-12-08T12:55:51+00:00\",\"dateModified\":\"2024-10-23T13:15:12+00:00\",\"description\":\"Wouldn't you like to have a tidy, healthy and fun balcony? what you need is described in the article \u201cLoved balconies in winter\u201d\",\"breadcrumb\":{\"@id\":\"https:\/\/mondodelgiardino.com\/en\/loved-balconies-in-winter\/#breadcrumb\"},\"inLanguage\":\"en-US\",\"potentialAction\":[{\"@type\":\"ReadAction\",\"target\":[\"https:\/\/mondodelgiardino.com\/en\/loved-balconies-in-winter\/\"]}]},{\"@type\":\"ImageObject\",\"inLanguage\":\"en-US\",\"@id\":\"https:\/\/mondodelgiardino.com\/en\/loved-balconies-in-winter\/#primaryimage\",\"url\":\"https:\/\/mondodelgiardino.com\/wp-content\/uploads\/2023\/12\/christmas-balls-Dagoberta-da-Pixabay.jpg\",\"contentUrl\":\"https:\/\/mondodelgiardino.com\/wp-content\/uploads\/2023\/12\/christmas-balls-Dagoberta-da-Pixabay.jpg\",\"width\":1280,\"height\":720},{\"@type\":\"BreadcrumbList\",\"@id\":\"https:\/\/mondodelgiardino.com\/en\/loved-balconies-in-winter\/#breadcrumb\",\"itemListElement\":[{\"@type\":\"ListItem\",\"position\":1,\"name\":\"Home\",\"item\":\"https:\/\/mondodelgiardino.com\/en\/\"},{\"@type\":\"ListItem\",\"position\":2,\"name\":\"Loved balconies in winter\"}]},{\"@type\":\"WebSite\",\"@id\":\"https:\/\/mondodelgiardino.com\/en\/#website\",\"url\":\"https:\/\/mondodelgiardino.com\/en\/\",\"name\":\"Mondo del Giardino\",\"description\":\"Cultura del verde\",\"publisher\":{\"@id\":\"https:\/\/mondodelgiardino.com\/en\/#organization\"},\"alternateName\":\"Mondo del Giardino\",\"potentialAction\":[{\"@type\":\"SearchAction\",\"target\":{\"@type\":\"EntryPoint\",\"urlTemplate\":\"https:\/\/mondodelgiardino.com\/en\/?s={search_term_string}\"},\"query-input\":{\"@type\":\"PropertyValueSpecification\",\"valueRequired\":true,\"valueName\":\"search_term_string\"}}],\"inLanguage\":\"en-US\"},{\"@type\":\"Organization\",\"@id\":\"https:\/\/mondodelgiardino.com\/en\/#organization\",\"name\":\"Mondo del Giardino\",\"alternateName\":\"Mondo del Giardino\",\"url\":\"https:\/\/mondodelgiardino.com\/en\/\",\"logo\":{\"@type\":\"ImageObject\",\"inLanguage\":\"en-US\",\"@id\":\"https:\/\/mondodelgiardino.com\/en\/#\/schema\/logo\/image\/\",\"url\":\"https:\/\/mondodelgiardino.com\/wp-content\/uploads\/2024\/07\/Logo-mondo-del-giardino-cultura-del-verde.png\",\"contentUrl\":\"https:\/\/mondodelgiardino.com\/wp-content\/uploads\/2024\/07\/Logo-mondo-del-giardino-cultura-del-verde.png\",\"width\":466,\"height\":366,\"caption\":\"Mondo del Giardino\"},\"image\":{\"@id\":\"https:\/\/mondodelgiardino.com\/en\/#\/schema\/logo\/image\/\"},\"sameAs\":[\"https:\/\/www.facebook.com\/mondodelgiardino\",\"https:\/\/www.instagram.com\/mondodelgiardino\/\",\"https:\/\/www.linkedin.com\/company\/mondo-del-giardino\/\",\"https:\/\/www.youtube.com\/@mondodelgiardinopuntocom\"]},{\"@type\":\"Person\",\"@id\":\"https:\/\/mondodelgiardino.com\/en\/#\/schema\/person\/59fa8845bd0c10f5cfb08a435f1e4d23\",\"name\":\"admin\",\"image\":{\"@type\":\"ImageObject\",\"inLanguage\":\"en-US\",\"@id\":\"https:\/\/mondodelgiardino.com\/en\/#\/schema\/person\/image\/\",\"url\":\"https:\/\/secure.gravatar.com\/avatar\/ca7d6dc7bbdc98d3214c49983f483695e2d0543754ca5ff1eb90cfdf66a96959?s=96&d=mm&r=g\",\"contentUrl\":\"https:\/\/secure.gravatar.com\/avatar\/ca7d6dc7bbdc98d3214c49983f483695e2d0543754ca5ff1eb90cfdf66a96959?s=96&d=mm&r=g\",\"caption\":\"admin\"},\"sameAs\":[\"https:\/\/mondodelgiardino.com\"]}]}<\/script>\n<!-- \/ Yoast SEO plugin. -->","yoast_head_json":{"title":"Loved balconies in winter - Mondo del Giardino","description":"Wouldn't you like to have a tidy, healthy and fun balcony? what you need is described in the article \u201cLoved balconies in winter\u201d","robots":{"index":"index","follow":"follow","max-snippet":"max-snippet:-1","max-image-preview":"max-image-preview:large","max-video-preview":"max-video-preview:-1"},"canonical":"https:\/\/mondodelgiardino.com\/en\/loved-balconies-in-winter\/","og_locale":"en_US","og_type":"article","og_title":"Loved balconies in winter - Mondo del Giardino","og_description":"Wouldn't you like to have a tidy, healthy and fun balcony? what you need is described in the article \u201cLoved balconies in winter\u201d","og_url":"https:\/\/mondodelgiardino.com\/en\/loved-balconies-in-winter\/","og_site_name":"Mondo del Giardino","article_publisher":"https:\/\/www.facebook.com\/mondodelgiardino","article_published_time":"2023-12-08T12:55:51+00:00","article_modified_time":"2024-10-23T13:15:12+00:00","og_image":[{"width":1280,"height":720,"url":"https:\/\/mondodelgiardino.com\/wp-content\/uploads\/2023\/12\/christmas-balls-Dagoberta-da-Pixabay.jpg","type":"image\/jpeg"}],"author":"admin","twitter_card":"summary_large_image","twitter_misc":{"Written by":"admin","Est. reading time":"9 minutes"},"schema":{"@context":"https:\/\/schema.org","@graph":[{"@type":"Article","@id":"https:\/\/mondodelgiardino.com\/en\/loved-balconies-in-winter\/#article","isPartOf":{"@id":"https:\/\/mondodelgiardino.com\/en\/loved-balconies-in-winter\/"},"author":{"name":"admin","@id":"https:\/\/mondodelgiardino.com\/en\/#\/schema\/person\/59fa8845bd0c10f5cfb08a435f1e4d23"},"headline":"Loved balconies in winter","datePublished":"2023-12-08T12:55:51+00:00","dateModified":"2024-10-23T13:15:12+00:00","mainEntityOfPage":{"@id":"https:\/\/mondodelgiardino.com\/en\/loved-balconies-in-winter\/"},"wordCount":3037,"publisher":{"@id":"https:\/\/mondodelgiardino.com\/en\/#organization"},"image":{"@id":"https:\/\/mondodelgiardino.com\/en\/loved-balconies-in-winter\/#primaryimage"},"thumbnailUrl":"https:\/\/mondodelgiardino.com\/wp-content\/uploads\/2023\/12\/christmas-balls-Dagoberta-da-Pixabay.jpg","keywords":["balconies","balcony","green care","mondodelgiardino","pots","potted plant","terrace","terraces"],"articleSection":["Gardening"],"inLanguage":"en-US"},{"@type":"WebPage","@id":"https:\/\/mondodelgiardino.com\/en\/loved-balconies-in-winter\/","url":"https:\/\/mondodelgiardino.com\/en\/loved-balconies-in-winter\/","name":"Loved balconies in winter - Mondo del Giardino","isPartOf":{"@id":"https:\/\/mondodelgiardino.com\/en\/#website"},"primaryImageOfPage":{"@id":"https:\/\/mondodelgiardino.com\/en\/loved-balconies-in-winter\/#primaryimage"},"image":{"@id":"https:\/\/mondodelgiardino.com\/en\/loved-balconies-in-winter\/#primaryimage"},"thumbnailUrl":"https:\/\/mondodelgiardino.com\/wp-content\/uploads\/2023\/12\/christmas-balls-Dagoberta-da-Pixabay.jpg","datePublished":"2023-12-08T12:55:51+00:00","dateModified":"2024-10-23T13:15:12+00:00","description":"Wouldn't you like to have a tidy, healthy and fun balcony? what you need is described in the article \u201cLoved balconies in winter\u201d","breadcrumb":{"@id":"https:\/\/mondodelgiardino.com\/en\/loved-balconies-in-winter\/#breadcrumb"},"inLanguage":"en-US","potentialAction":[{"@type":"ReadAction","target":["https:\/\/mondodelgiardino.com\/en\/loved-balconies-in-winter\/"]}]},{"@type":"ImageObject","inLanguage":"en-US","@id":"https:\/\/mondodelgiardino.com\/en\/loved-balconies-in-winter\/#primaryimage","url":"https:\/\/mondodelgiardino.com\/wp-content\/uploads\/2023\/12\/christmas-balls-Dagoberta-da-Pixabay.jpg","contentUrl":"https:\/\/mondodelgiardino.com\/wp-content\/uploads\/2023\/12\/christmas-balls-Dagoberta-da-Pixabay.jpg","width":1280,"height":720},{"@type":"BreadcrumbList","@id":"https:\/\/mondodelgiardino.com\/en\/loved-balconies-in-winter\/#breadcrumb","itemListElement":[{"@type":"ListItem","position":1,"name":"Home","item":"https:\/\/mondodelgiardino.com\/en\/"},{"@type":"ListItem","position":2,"name":"Loved balconies in winter"}]},{"@type":"WebSite","@id":"https:\/\/mondodelgiardino.com\/en\/#website","url":"https:\/\/mondodelgiardino.com\/en\/","name":"Mondo del Giardino","description":"Cultura del verde","publisher":{"@id":"https:\/\/mondodelgiardino.com\/en\/#organization"},"alternateName":"Mondo del Giardino","potentialAction":[{"@type":"SearchAction","target":{"@type":"EntryPoint","urlTemplate":"https:\/\/mondodelgiardino.com\/en\/?s={search_term_string}"},"query-input":{"@type":"PropertyValueSpecification","valueRequired":true,"valueName":"search_term_string"}}],"inLanguage":"en-US"},{"@type":"Organization","@id":"https:\/\/mondodelgiardino.com\/en\/#organization","name":"Mondo del Giardino","alternateName":"Mondo del Giardino","url":"https:\/\/mondodelgiardino.com\/en\/","logo":{"@type":"ImageObject","inLanguage":"en-US","@id":"https:\/\/mondodelgiardino.com\/en\/#\/schema\/logo\/image\/","url":"https:\/\/mondodelgiardino.com\/wp-content\/uploads\/2024\/07\/Logo-mondo-del-giardino-cultura-del-verde.png","contentUrl":"https:\/\/mondodelgiardino.com\/wp-content\/uploads\/2024\/07\/Logo-mondo-del-giardino-cultura-del-verde.png","width":466,"height":366,"caption":"Mondo del Giardino"},"image":{"@id":"https:\/\/mondodelgiardino.com\/en\/#\/schema\/logo\/image\/"},"sameAs":["https:\/\/www.facebook.com\/mondodelgiardino","https:\/\/www.instagram.com\/mondodelgiardino\/","https:\/\/www.linkedin.com\/company\/mondo-del-giardino\/","https:\/\/www.youtube.com\/@mondodelgiardinopuntocom"]},{"@type":"Person","@id":"https:\/\/mondodelgiardino.com\/en\/#\/schema\/person\/59fa8845bd0c10f5cfb08a435f1e4d23","name":"admin","image":{"@type":"ImageObject","inLanguage":"en-US","@id":"https:\/\/mondodelgiardino.com\/en\/#\/schema\/person\/image\/","url":"https:\/\/secure.gravatar.com\/avatar\/ca7d6dc7bbdc98d3214c49983f483695e2d0543754ca5ff1eb90cfdf66a96959?s=96&d=mm&r=g","contentUrl":"https:\/\/secure.gravatar.com\/avatar\/ca7d6dc7bbdc98d3214c49983f483695e2d0543754ca5ff1eb90cfdf66a96959?s=96&d=mm&r=g","caption":"admin"},"sameAs":["https:\/\/mondodelgiardino.com"]}]}},"_links":{"self":[{"href":"https:\/\/mondodelgiardino.com\/en\/wp-json\/wp\/v2\/posts\/5705","targetHints":{"allow":["GET"]}}],"collection":[{"href":"https:\/\/mondodelgiardino.com\/en\/wp-json\/wp\/v2\/posts"}],"about":[{"href":"https:\/\/mondodelgiardino.com\/en\/wp-json\/wp\/v2\/types\/post"}],"author":[{"embeddable":true,"href":"https:\/\/mondodelgiardino.com\/en\/wp-json\/wp\/v2\/users\/1"}],"replies":[{"embeddable":true,"href":"https:\/\/mondodelgiardino.com\/en\/wp-json\/wp\/v2\/comments?post=5705"}],"version-history":[{"count":4,"href":"https:\/\/mondodelgiardino.com\/en\/wp-json\/wp\/v2\/posts\/5705\/revisions"}],"predecessor-version":[{"id":5710,"href":"https:\/\/mondodelgiardino.com\/en\/wp-json\/wp\/v2\/posts\/5705\/revisions\/5710"}],"wp:featuredmedia":[{"embeddable":true,"href":"https:\/\/mondodelgiardino.com\/en\/wp-json\/wp\/v2\/media\/5691"}],"wp:attachment":[{"href":"https:\/\/mondodelgiardino.com\/en\/wp-json\/wp\/v2\/media?parent=5705"}],"wp:term":[{"taxonomy":"category","embeddable":true,"href":"https:\/\/mondodelgiardino.com\/en\/wp-json\/wp\/v2\/categories?post=5705"},{"taxonomy":"post_tag","embeddable":true,"href":"https:\/\/mondodelgiardino.com\/en\/wp-json\/wp\/v2\/tags?post=5705"}],"curies":[{"name":"wp","href":"https:\/\/api.w.org\/{rel}","templated":true}]}}